{"id":6821,"date":"2026-04-29T06:19:19","date_gmt":"2026-04-29T09:19:19","guid":{"rendered":"https:\/\/vagas.portalemprego.com.br\/?p=6821"},"modified":"2026-04-29T06:19:19","modified_gmt":"2026-04-29T09:19:19","slug":"secretaria-industrial-producao-fabrica-macae","status":"publish","type":"post","link":"https:\/\/vagas.portalemprego.com.br\/?p=6821","title":{"rendered":"SECRETARIA &#8211; Industrial, Produ\u00e7\u00e3o, F\u00e1brica &#8211; Maca\u00e9"},"content":{"rendered":"<p>Estamos em busca de um profissional organizado e eficiente para o cargo de Secret\u00e1ria.<br \/>\nO candidato ideal dever\u00e1 desempenhar diversas tarefas administrativas essenciais para o bom funcionamento da empresa.<\/p>\n<p>Entre as principais responsabilidades, o candidato dever\u00e1 programar reuni\u00f5es presenciais e via videoconfer\u00eancia, garantindo a organiza\u00e7\u00e3o e a presen\u00e7a de todos os participantes.<br \/>\nO controle da agenda gerencial \u00e9 fundamental, incluindo o atendimento telef\u00f4nico e a organiza\u00e7\u00e3o de compromissos di\u00e1rios.<\/p>\n<p>Al\u00e9m disso, o candidato dever\u00e1 gerenciar o controle e a requisi\u00e7\u00e3o de consum\u00edveis de escrit\u00f3rio, garantindo que todos os materiais necess\u00e1rios estejam dispon\u00edveis e em bom estado.<br \/>\nA programa\u00e7\u00e3o e presta\u00e7\u00e3o de contas de viagens conforme as normas da empresa tamb\u00e9m fazem parte das atribui\u00e7\u00f5es do cargo.<\/p>\n<p>O candidato dever\u00e1 demonstrar habilidades de organiza\u00e7\u00e3o, aten\u00e7\u00e3o aos detalhes e capacidade de gerenciar m\u00faltiplas tarefas ao mesmo tempo.<br \/>\nExperi\u00eancia pr\u00e9via em fun\u00e7\u00f5es administrativas ser\u00e1 um diferencial.<\/p>\n<p>Se voc\u00ea \u00e9 uma pessoa meticulosa, com uma boa capacidade de comunica\u00e7\u00e3o e organiza\u00e7\u00e3o, esta oportunidade pode ser perfeita para voc\u00ea.<br \/>\nJunte-se \u00e0 nossa equipe e contribua para o sucesso da ACCERTH SERVI\u00c7OS E TECNOLOGIA LTDA.<\/p>\n<p>Aguardamos seu interesse e candidatura para fazer parte dessa equipe din\u00e2mica e comprometida.<\/p>\n<ul>\n<li>Local de trabalho: Maca\u00e9, RJ<\/li>\n<li>Regime de contrata\u00e7\u00e3o de tipo: Efetivo \u2013 CLT<\/li>\n<li>Jornada: Per\u00edodo Integral<\/li>\n<li>\u00c1rea e especializa\u00e7\u00e3o profissional: Industrial, Produ\u00e7\u00e3o, F\u00e1brica &#8211; Usinagem<\/li>\n<li>N\u00edvel hier\u00e1rquico: Analista<\/li>\n<\/ul>\n<p>VALORIZADO<\/p>\n<p>Tempo de experi\u00eancia: Entre 3 e 5 anos<\/p>\n<p>HABILIDADES<\/p>\n<ul>\n<li>e)\tPrograma\u00e7\u00e3o de Reuni\u00f5es presenciais e atrav\u00e9s de videoconfer\u00eancia;  f)\tAtendimento ao telefone e controle da agenda gerencial;  g)\tControle e requisi\u00e7\u00e3o de consum\u00edveis de escrit\u00f3rio;  h)\tPrograma\u00e7\u00e3o e Presta\u00e7\u00e3o de Contas de viagens conforme Normas \u2022\tCo<\/li>\n<\/ul>\n<p>Escolaridade M\u00ednima: Curso T\u00e9cnico<\/p>\n<p>Sal\u00e1rio: 2700,0<\/p>\n","protected":false},"excerpt":{"rendered":"<p>Estamos em busca de um profissional organizado e eficiente para o cargo de Secret\u00e1ria. O candidato ideal dever\u00e1 desempenhar diversas tarefas administrativas essenciais para o bom funcionamento da empresa. Entre as principais responsabilidades, o candidato dever\u00e1 programar reuni\u00f5es presenciais e via videoconfer\u00eancia, garantindo a organiza\u00e7\u00e3o e a presen\u00e7a de todos os participantes. O controle da [&hellip;]<\/p>\n","protected":false},"author":1,"featured_media":0,"comment_status":"open","ping_status":"open","sticky":false,"template":"","format":"standard","meta":{"footnotes":""},"categories":[21],"tags":[],"class_list":["post-6821","post","type-post","status-publish","format-standard","hentry","category-rio-de-janeiro-rj"],"_links":{"self":[{"href":"https:\/\/vagas.portalemprego.com.br\/index.php?rest_route=\/wp\/v2\/posts\/6821","targetHints":{"allow":["GET"]}}],"collection":[{"href":"https:\/\/vagas.portalemprego.com.br\/index.php?rest_route=\/wp\/v2\/posts"}],"about":[{"href":"https:\/\/vagas.portalemprego.com.br\/index.php?rest_route=\/wp\/v2\/types\/post"}],"author":[{"embeddable":true,"href":"https:\/\/vagas.portalemprego.com.br\/index.php?rest_route=\/wp\/v2\/users\/1"}],"replies":[{"embeddable":true,"href":"https:\/\/vagas.portalemprego.com.br\/index.php?rest_route=%2Fwp%2Fv2%2Fcomments&post=6821"}],"version-history":[{"count":0,"href":"https:\/\/vagas.portalemprego.com.br\/index.php?rest_route=\/wp\/v2\/posts\/6821\/revisions"}],"wp:attachment":[{"href":"https:\/\/vagas.portalemprego.com.br\/index.php?rest_route=%2Fwp%2Fv2%2Fmedia&parent=6821"}],"wp:term":[{"taxonomy":"category","embeddable":true,"href":"https:\/\/vagas.portalemprego.com.br\/index.php?rest_route=%2Fwp%2Fv2%2Fcategories&post=6821"},{"taxonomy":"post_tag","embeddable":true,"href":"https:\/\/vagas.portalemprego.com.br\/index.php?rest_route=%2Fwp%2Fv2%2Ftags&post=6821"}],"curies":[{"name":"wp","href":"https:\/\/api.w.org\/{rel}","templated":true}]}}