{"id":6826,"date":"2026-04-29T06:17:17","date_gmt":"2026-04-29T09:17:17","guid":{"rendered":"https:\/\/vagas.portalemprego.com.br\/?p=6826"},"modified":"2026-04-29T06:17:17","modified_gmt":"2026-04-29T09:17:17","slug":"analista-de-cargos-e-salarios-recursos-humanos-sao-goncalo","status":"publish","type":"post","link":"https:\/\/vagas.portalemprego.com.br\/?p=6826","title":{"rendered":"Analista de Cargos e Sal\u00e1rios &#8211; Recursos Humanos &#8211; S\u00e3o Gon\u00e7alo"},"content":{"rendered":"<p>O Grupo Alvorada est\u00e1 em um momento de consolida\u00e7\u00e3o de sua estrat\u00e9gia de Gente e Gest\u00e3o. Buscamos um profissional especialista para liderar a reformula\u00e7\u00e3o e implanta\u00e7\u00e3o da nossa estrutura de Cargos e Sal\u00e1rios. Se voc\u00ea \u00e9 movido por dados, processos estruturantes e quer deixar um legado na \u00e1rea de recompensas, esta oportunidade \u00e9 para voc\u00ea.<br \/>\nPrincipais Responsabilidades:<br \/>\nCargos e Sal\u00e1rios: Liderar o projeto de revis\u00e3o, descri\u00e7\u00e3o e avalia\u00e7\u00e3o de cargos, garantindo o alinhamento com as necessidades operacionais das lojas.<br \/>\nTabela Salarial: Reformular a planilha de cargos e sal\u00e1rios, realizando pesquisas de mercado para garantir a competitividade externa e a equidade interna.<br \/>\nImplanta\u00e7\u00e3o de Estrutura: Definir trilhas de carreira e pol\u00edticas de promo\u00e7\u00e3o, m\u00e9rito e enquadramento.<br \/>\nGest\u00e3o de Benef\u00edcios: Analisar a viabilidade e o custo-benef\u00edcio dos benef\u00edcios atuais, propondo melhorias e parcerias estrat\u00e9gicas.<br \/>\nIndicadores: Criar e monitorar KPIs de folha de pagamento, turnover por faixa salarial e custos de pessoal.<\/p>\n<ul>\n<li>Local de trabalho: S\u00e3o Gon\u00e7alo, RJ<\/li>\n<li>Regime de contrata\u00e7\u00e3o de tipo: Efetivo \u2013 CLT<\/li>\n<li>Jornada: Per\u00edodo Integral<\/li>\n<li>\u00c1rea e especializa\u00e7\u00e3o profissional: Recursos Humanos &#8211; Cargos e Sal\u00e1rios, Benef\u00edcios, Rela\u00e7\u00f5es Sindicais<\/li>\n<li>N\u00edvel hier\u00e1rquico: Analista<\/li>\n<\/ul>\n<p>VALORIZADO<\/p>\n<p>Tempo de experi\u00eancia: Entre 3 e 5 anos<\/p>\n<p>HABILIDADES<\/p>\n<ul>\n<li>Competitividade<\/li>\n<li>Estrat\u00e9gia<\/li>\n<li>Gest\u00e3o<\/li>\n<li>Dados<\/li>\n<li>Revis\u00e3o<\/li>\n<li>Avalia\u00e7\u00e3o<\/li>\n<li>Pesquisas<\/li>\n<\/ul>\n<p>Escolaridade M\u00ednima: Ensino Superior<\/p>\n<p>Forma\u00e7\u00e3o desejada:<\/p>\n<ul>\n<li>Economia, Ensino Superior<\/li>\n<\/ul>\n<ul>\n<li>Conv\u00eanio SESC<\/li>\n<li>Restaurante na empresa<\/li>\n<li>Conv\u00eanio Farm\u00e1cia<\/li>\n<\/ul>\n<p>Sal\u00e1rio: 4000,0<\/p>\n","protected":false},"excerpt":{"rendered":"<p>O Grupo Alvorada est\u00e1 em um momento de consolida\u00e7\u00e3o de sua estrat\u00e9gia de Gente e Gest\u00e3o. Buscamos um profissional especialista para liderar a reformula\u00e7\u00e3o e implanta\u00e7\u00e3o da nossa estrutura de Cargos e Sal\u00e1rios. Se voc\u00ea \u00e9 movido por dados, processos estruturantes e quer deixar um legado na \u00e1rea de recompensas, esta oportunidade \u00e9 para voc\u00ea. [&hellip;]<\/p>\n","protected":false},"author":1,"featured_media":0,"comment_status":"open","ping_status":"open","sticky":false,"template":"","format":"standard","meta":{"footnotes":""},"categories":[21],"tags":[],"class_list":["post-6826","post","type-post","status-publish","format-standard","hentry","category-rio-de-janeiro-rj"],"_links":{"self":[{"href":"https:\/\/vagas.portalemprego.com.br\/index.php?rest_route=\/wp\/v2\/posts\/6826","targetHints":{"allow":["GET"]}}],"collection":[{"href":"https:\/\/vagas.portalemprego.com.br\/index.php?rest_route=\/wp\/v2\/posts"}],"about":[{"href":"https:\/\/vagas.portalemprego.com.br\/index.php?rest_route=\/wp\/v2\/types\/post"}],"author":[{"embeddable":true,"href":"https:\/\/vagas.portalemprego.com.br\/index.php?rest_route=\/wp\/v2\/users\/1"}],"replies":[{"embeddable":true,"href":"https:\/\/vagas.portalemprego.com.br\/index.php?rest_route=%2Fwp%2Fv2%2Fcomments&post=6826"}],"version-history":[{"count":0,"href":"https:\/\/vagas.portalemprego.com.br\/index.php?rest_route=\/wp\/v2\/posts\/6826\/revisions"}],"wp:attachment":[{"href":"https:\/\/vagas.portalemprego.com.br\/index.php?rest_route=%2Fwp%2Fv2%2Fmedia&parent=6826"}],"wp:term":[{"taxonomy":"category","embeddable":true,"href":"https:\/\/vagas.portalemprego.com.br\/index.php?rest_route=%2Fwp%2Fv2%2Fcategories&post=6826"},{"taxonomy":"post_tag","embeddable":true,"href":"https:\/\/vagas.portalemprego.com.br\/index.php?rest_route=%2Fwp%2Fv2%2Ftags&post=6826"}],"curies":[{"name":"wp","href":"https:\/\/api.w.org\/{rel}","templated":true}]}}