{"id":6827,"date":"2026-04-29T06:17:17","date_gmt":"2026-04-29T09:17:17","guid":{"rendered":"https:\/\/vagas.portalemprego.com.br\/?p=6827"},"modified":"2026-04-29T06:17:17","modified_gmt":"2026-04-29T09:17:17","slug":"tecnico-gestao-de-ativos-engenharia-rio-de-janeiro","status":"publish","type":"post","link":"https:\/\/vagas.portalemprego.com.br\/?p=6827","title":{"rendered":"T\u00e9cnico Gest\u00e3o de Ativos &#8211; Engenharia &#8211; Rio de Janeiro"},"content":{"rendered":"<p>**Vaga de Emprego: T\u00e9cnico Gest\u00e3o de Ativos**<\/p>\n<p>Estamos em busca de um profissional qualificado para o cargo de T\u00e9cnico Gest\u00e3o de Ativos para atuar em nossa empresa, LUANDRE SERVI\u00c7OS TEMPOR\u00c1RIOS LTDA.<br \/>\nO candidato ideal dever\u00e1 ter forma\u00e7\u00e3o t\u00e9cnica em Eletrot\u00e9cnica e experi\u00eancia comprovada na \u00e1rea de gest\u00e3o de ativos.<\/p>\n<p>O candidato deve ter experi\u00eancia no lan\u00e7amento de notas fiscais em sistemas espec\u00edficos, como o RM, e deve demonstrar habilidades s\u00f3lidas em gest\u00e3o de ativos.<\/p>\n<p>Al\u00e9m disso, \u00e9 essencial que o candidato possua conhecimentos intermedi\u00e1rios em Excel, pois isso ser\u00e1 fundamental para o desempenho das atividades di\u00e1rias.<\/p>\n<p>O perfil desejado deve ser meticuloso e organizado, com uma forte capacidade de an\u00e1lise e resolu\u00e7\u00e3o de problemas.<\/p>\n<p>O candidato deve ser capaz de trabalhar em equipe e possuir uma boa comunica\u00e7\u00e3o, tanto escrita quanto oral.<\/p>\n<p>A posi\u00e7\u00e3o exige comprometimento e disponibilidade para atuar em diferentes projetos e locais conforme necess\u00e1rio.<\/p>\n<p>O candidato dever\u00e1 estar preparado para contribuir com a otimiza\u00e7\u00e3o dos processos de gest\u00e3o de ativos, garantindo a efici\u00eancia operacional e o alinhamento com as metas estabelecidas.<\/p>\n<p>Conhecimento do MCPSE \u2013 Manual de Controle Patrimonial do Setor El\u00e9trico e em Power BI ser\u00e3o diferenciais.<\/p>\n<p>Se voc\u00ea se identifica com o perfil descrito e tem interesse em fazer parte de uma equipe din\u00e2mica e inovadora, esta \u00e9 uma oportunidade para voc\u00ea.<\/p>\n<p>Junte-se \u00e0 LUANDRE SERVI\u00c7OS TEMPOR\u00c1RIOS LTDA.<br \/>\ne contribua para o sucesso da nossa empresa.<\/p>\n<p>Aguardamos seu curr\u00edculo para avaliarmos sua candidatura.<\/p>\n<ul>\n<li>Local de trabalho: Rio de Janeiro, RJ<\/li>\n<li>Regime de contrata\u00e7\u00e3o de tipo: Efetivo \u2013 CLT<\/li>\n<li>Jornada: Per\u00edodo Integral<\/li>\n<li>\u00c1rea e especializa\u00e7\u00e3o profissional: Engenharia &#8211; Engenharia El\u00e9trica, Eletr\u00f4nica, Eletrot\u00e9cnica<\/li>\n<li>N\u00edvel hier\u00e1rquico: Operacional<\/li>\n<\/ul>\n<p>VALORIZADO<\/p>\n<p>Tempo de experi\u00eancia: Entre 1 e 3 anos<\/p>\n<p>HABILIDADES<\/p>\n<ul>\n<li>Forma\u00e7\u00e3o: T\u00e9cnico Eletrot\u00e9cnico<\/li>\n<li>Experi\u00eancia lan\u00e7amento de nota fiscal em sistema RM<\/li>\n<li>Experi\u00eancia com gest\u00e3o de ativos<\/li>\n<li>Excel intermedi\u00e1rio<\/li>\n<\/ul>\n<p>Escolaridade M\u00ednima: Curso T\u00e9cnico<\/p>\n<p>Forma\u00e7\u00e3o desejada:<\/p>\n<ul>\n<li>Eletrot\u00e9cnica, Curso T\u00e9cnico<\/li>\n<\/ul>\n<p>Disponibilidade para viajar<\/p>\n<ul>\n<li>Assist\u00eancia m\u00e9dica<\/li>\n<li>Assist\u00eancia odontol\u00f3gica<\/li>\n<li>Vale-alimenta\u00e7\u00e3o<\/li>\n<li>Vale-refei\u00e7\u00e3o<\/li>\n<li>Vale-transporte<\/li>\n<\/ul>\n<p>Sal\u00e1rio: 2650,0<\/p>\n","protected":false},"excerpt":{"rendered":"<p>**Vaga de Emprego: T\u00e9cnico Gest\u00e3o de Ativos** Estamos em busca de um profissional qualificado para o cargo de T\u00e9cnico Gest\u00e3o de Ativos para atuar em nossa empresa, LUANDRE SERVI\u00c7OS TEMPOR\u00c1RIOS LTDA. O candidato ideal dever\u00e1 ter forma\u00e7\u00e3o t\u00e9cnica em Eletrot\u00e9cnica e experi\u00eancia comprovada na \u00e1rea de gest\u00e3o de ativos. O candidato deve ter experi\u00eancia no [&hellip;]<\/p>\n","protected":false},"author":1,"featured_media":0,"comment_status":"open","ping_status":"open","sticky":false,"template":"","format":"standard","meta":{"footnotes":""},"categories":[21],"tags":[],"class_list":["post-6827","post","type-post","status-publish","format-standard","hentry","category-rio-de-janeiro-rj"],"_links":{"self":[{"href":"https:\/\/vagas.portalemprego.com.br\/index.php?rest_route=\/wp\/v2\/posts\/6827","targetHints":{"allow":["GET"]}}],"collection":[{"href":"https:\/\/vagas.portalemprego.com.br\/index.php?rest_route=\/wp\/v2\/posts"}],"about":[{"href":"https:\/\/vagas.portalemprego.com.br\/index.php?rest_route=\/wp\/v2\/types\/post"}],"author":[{"embeddable":true,"href":"https:\/\/vagas.portalemprego.com.br\/index.php?rest_route=\/wp\/v2\/users\/1"}],"replies":[{"embeddable":true,"href":"https:\/\/vagas.portalemprego.com.br\/index.php?rest_route=%2Fwp%2Fv2%2Fcomments&post=6827"}],"version-history":[{"count":0,"href":"https:\/\/vagas.portalemprego.com.br\/index.php?rest_route=\/wp\/v2\/posts\/6827\/revisions"}],"wp:attachment":[{"href":"https:\/\/vagas.portalemprego.com.br\/index.php?rest_route=%2Fwp%2Fv2%2Fmedia&parent=6827"}],"wp:term":[{"taxonomy":"category","embeddable":true,"href":"https:\/\/vagas.portalemprego.com.br\/index.php?rest_route=%2Fwp%2Fv2%2Fcategories&post=6827"},{"taxonomy":"post_tag","embeddable":true,"href":"https:\/\/vagas.portalemprego.com.br\/index.php?rest_route=%2Fwp%2Fv2%2Ftags&post=6827"}],"curies":[{"name":"wp","href":"https:\/\/api.w.org\/{rel}","templated":true}]}}