{"id":6840,"date":"2026-04-29T06:18:18","date_gmt":"2026-04-29T09:18:18","guid":{"rendered":"https:\/\/vagas.portalemprego.com.br\/?p=6840"},"modified":"2026-04-29T06:18:18","modified_gmt":"2026-04-29T09:18:18","slug":"representante-tecnico-comercial-comercial-vendas-rio-de-janeiro-4","status":"publish","type":"post","link":"https:\/\/vagas.portalemprego.com.br\/?p=6840","title":{"rendered":"Representante Tecnico Comercial &#8211; Comercial, Vendas &#8211; Rio de Janeiro"},"content":{"rendered":"<p>Estamos \u00e0 procura de representante t\u00e9cnico com conhecimento e experi\u00eancia em atividades comerciais externas. Ser\u00e1 respons\u00e1vel por realizar pequenas manuten\u00e7\u00f5es preventivas, instala\u00e7\u00f5es de sistemas de alarme, atender \u00e0s necessidades dos clientes, preencher relat\u00f3rios t\u00e9cnicos e realizar prospec\u00e7\u00e3o de novos clientes partir de uma abordagem consultiva e estrat\u00e9gica. Buscamos algu\u00e9m que tenha uma vis\u00e3o ampla do mercado, focado em resultados e envolver ativamente os clientes em potencial. <\/p>\n<p>Principais Atividades: <\/p>\n<p>Atuar de forma proativa buscando sempre atender as necessidades e expectativas de nossos clientes; <\/p>\n<p>Prospectar e gerir a carteira de clientes; <\/p>\n<p>Realizar manuten\u00e7\u00f5es preventivas de baixa complexidade em sistemas de alarme; <\/p>\n<p>Preencher relat\u00f3rios de atendimento t\u00e9cnico e laudos t\u00e9cnicos; <\/p>\n<p>Preencher todas as documenta\u00e7\u00f5es da rotina de um t\u00e9cnico de campo, como relat\u00f3rios de deslocamento, presta\u00e7\u00e3o de contas e demais; <\/p>\n<p>Prospec\u00e7\u00e3o na rua para conseguir entrevistas com clientes potenciais e convert\u00ea-las em vendas <\/p>\n<p>Manter rela\u00e7\u00f5es comerciais positivas para garantir vendas futuras; <\/p>\n<p>Seguir a proposta e m\u00e9todo de venda estabelecido pela Diretoria de Vendas; <\/p>\n<p>Apresentar e vender aos clientes as op\u00e7\u00f5es de aprimoramento do Kit b\u00e1sico e gama de servi\u00e7os; <\/p>\n<p>Entregar a documenta\u00e7\u00e3o em tempo e forma estabelecidas para faturamento; <\/p>\n<p>Realizar or\u00e7amentos para adi\u00e7\u00e3o de dispositivos em sistemas de alarme j\u00e1 existentes; <\/p>\n<p>Realizar instala\u00e7\u00f5es de sistemas de alarme completos; <\/p>\n<p>Realizar instala\u00e7\u00f5es de novos dispositivos em sistemas de alarme j\u00e1 existentes; <\/p>\n<p>O que esperamos do profissional? <\/p>\n<p>Forma\u00e7\u00e3o Ensino M\u00e9dio Completo; <\/p>\n<p>Experi\u00eancia em prospec\u00e7\u00e3o e negocia\u00e7\u00e3o; <\/p>\n<p>Experi\u00eancia com vendas consultivas; <\/p>\n<p>CNH Valida  <\/p>\n<p>Principais habilidades <\/p>\n<p>Ter vis\u00e3o ampla do mercado para encontrar as solu\u00e7\u00f5es mais assertivas para o cliente; <\/p>\n<p>Ser comunicativa e din\u00e2mica, pois estar\u00e1 sempre em contato com o cliente; <\/p>\n<p>Ter vis\u00e3o estrat\u00e9gica para atender o cliente em suas especificidades. <\/p>\n<p>O que oferecemos? <\/p>\n<p>Vale Refei\u00e7\u00e3o\/ Alimenta\u00e7\u00e3o de R$ 29\/dia <\/p>\n<p>Remunera\u00e7\u00e3o Vari\u00e1vel Mensal com base no plano de metas <\/p>\n<p>Carro (desde o primeiro dia) <\/p>\n<p>Seguro de Vida Sulam\u00e9rica <\/p>\n<p>Plano de Assist\u00eancia M\u00e9dica AMIL* <\/p>\n<p>Plano Odontol\u00f3gico Sulam\u00e9rica* <\/p>\n<p>Check-Up Anual Pluxee <\/p>\n<p>Conexa \u2013 plataforma de telemedicina <\/p>\n<p>Wellhub (Gympass)* <\/p>\n<p>Empr\u00e9stimo Consignado \u2013 conforme pol\u00edtica vigente <\/p>\n<p>Alarme Monitorado Verisure \u2013 conforme pol\u00edtica vigente <\/p>\n<p>Aux\u00edlio creche at\u00e9 10 meses de idade \u2013 conforme pol\u00edtica vigente <\/p>\n<p>Beb\u00ea Verisure &#8211; um kit de presentes para os novos papais e mam\u00e3es da Verisure <\/p>\n<p>ClubeMais &#8211; programa de parcerias com descontos exclusivos para colaboradores da Verisure <\/p>\n<p>Programa de Assist\u00eancia ao Empregado (EAP) <\/p>\n<p>Zero Stress: Servi\u00e7os de reparos para emerg\u00eancias <\/p>\n<p>Licen\u00e7a Paternidade de 15 dias <\/p>\n<p>VidaLink: Aplicativo de nutri\u00e7\u00e3o e Aux\u00edlio medicamentos<\/p>\n<ul>\n<li>N\u00famero de vagas: 10<\/li>\n<li>Local de trabalho: Rio de Janeiro, RJ<\/li>\n<li>Regime de contrata\u00e7\u00e3o de tipo: Efetivo \u2013 CLT<\/li>\n<li>Jornada: Per\u00edodo Integral<\/li>\n<li>\u00c1rea e especializa\u00e7\u00e3o profissional: Comercial, Vendas &#8211; Venda Externa<\/li>\n<li>N\u00edvel hier\u00e1rquico: Analista<\/li>\n<\/ul>\n<p>Escolaridade M\u00ednima: Curso T\u00e9cnico<\/p>\n<p>Forma\u00e7\u00e3o desejada:<\/p>\n<ul>\n<li>Ensino M\u00e9dio (2\u00ba Grau)<\/li>\n<\/ul>\n<p>Habilita\u00e7\u00e3o para dirigir: A, B<\/p>\n","protected":false},"excerpt":{"rendered":"<p>Estamos \u00e0 procura de representante t\u00e9cnico com conhecimento e experi\u00eancia em atividades comerciais externas. Ser\u00e1 respons\u00e1vel por realizar pequenas manuten\u00e7\u00f5es preventivas, instala\u00e7\u00f5es de sistemas de alarme, atender \u00e0s necessidades dos clientes, preencher relat\u00f3rios t\u00e9cnicos e realizar prospec\u00e7\u00e3o de novos clientes partir de uma abordagem consultiva e estrat\u00e9gica. Buscamos algu\u00e9m que tenha uma vis\u00e3o ampla do [&hellip;]<\/p>\n","protected":false},"author":1,"featured_media":0,"comment_status":"open","ping_status":"open","sticky":false,"template":"","format":"standard","meta":{"footnotes":""},"categories":[21],"tags":[],"class_list":["post-6840","post","type-post","status-publish","format-standard","hentry","category-rio-de-janeiro-rj"],"_links":{"self":[{"href":"https:\/\/vagas.portalemprego.com.br\/index.php?rest_route=\/wp\/v2\/posts\/6840","targetHints":{"allow":["GET"]}}],"collection":[{"href":"https:\/\/vagas.portalemprego.com.br\/index.php?rest_route=\/wp\/v2\/posts"}],"about":[{"href":"https:\/\/vagas.portalemprego.com.br\/index.php?rest_route=\/wp\/v2\/types\/post"}],"author":[{"embeddable":true,"href":"https:\/\/vagas.portalemprego.com.br\/index.php?rest_route=\/wp\/v2\/users\/1"}],"replies":[{"embeddable":true,"href":"https:\/\/vagas.portalemprego.com.br\/index.php?rest_route=%2Fwp%2Fv2%2Fcomments&post=6840"}],"version-history":[{"count":0,"href":"https:\/\/vagas.portalemprego.com.br\/index.php?rest_route=\/wp\/v2\/posts\/6840\/revisions"}],"wp:attachment":[{"href":"https:\/\/vagas.portalemprego.com.br\/index.php?rest_route=%2Fwp%2Fv2%2Fmedia&parent=6840"}],"wp:term":[{"taxonomy":"category","embeddable":true,"href":"https:\/\/vagas.portalemprego.com.br\/index.php?rest_route=%2Fwp%2Fv2%2Fcategories&post=6840"},{"taxonomy":"post_tag","embeddable":true,"href":"https:\/\/vagas.portalemprego.com.br\/index.php?rest_route=%2Fwp%2Fv2%2Ftags&post=6840"}],"curies":[{"name":"wp","href":"https:\/\/api.w.org\/{rel}","templated":true}]}}