{"id":6847,"date":"2026-04-29T06:18:18","date_gmt":"2026-04-29T09:18:18","guid":{"rendered":"https:\/\/vagas.portalemprego.com.br\/?p=6847"},"modified":"2026-04-29T06:18:18","modified_gmt":"2026-04-29T09:18:18","slug":"auxiliar-administrativo-administracao-rio-de-janeiro-22","status":"publish","type":"post","link":"https:\/\/vagas.portalemprego.com.br\/?p=6847","title":{"rendered":"Auxiliar Administrativo &#8211; Administra\u00e7\u00e3o &#8211; Rio de Janeiro"},"content":{"rendered":"<p>A Talentos Consultoria est\u00e1 em busca de Assistente Administrativo para atuar em dos nossos clientes no Rio de Janeiro.<\/p>\n<p>Responsabilidades:<br \/>\nRealiza\u00e7\u00e3o de pedidos e cadastros no sistema da empresa.<br \/>\nGest\u00e3o de e-mails, liga\u00e7\u00f5es e WhatsApp.<br \/>\nColabora\u00e7\u00e3o em atividades administrativas diversas.<\/p>\n<p>Requisitos:<br \/>\nEnsino superior cursando ou conclu\u00eddo em Administra\u00e7\u00e3o ou \u00e1reas afins.<br \/>\nConhecimento intermedi\u00e1rio em Excel.<br \/>\nHabilidade para lidar com sistemas e planilhas.<br \/>\nBoa comunica\u00e7\u00e3o verbal e escrita.<br \/>\nCapacidade de trabalhar em equipe.<br \/>\nSer organizado(a) e detalhista.<\/p>\n<ul>\n<li>Local de trabalho: Rio de Janeiro, RJ<\/li>\n<li>Regime de contrata\u00e7\u00e3o de tipo: Efetivo \u2013 CLT<\/li>\n<li>Jornada: Per\u00edodo Integral<\/li>\n<li>\u00c1rea e especializa\u00e7\u00e3o profissional: Administra\u00e7\u00e3o &#8211; Administra\u00e7\u00e3o Geral<\/li>\n<li>N\u00edvel hier\u00e1rquico: Auxiliar<\/li>\n<\/ul>\n<p>VALORIZADO<\/p>\n<p>Tempo de experi\u00eancia: Entre 1 e 3 anos<\/p>\n<p>Escolaridade M\u00ednima: Ensino M\u00e9dio (2\u00ba Grau)<\/p>\n<ul>\n<li>Vale Transporte<\/li>\n<li>Plano de Sa\u00fade<\/li>\n<li>Vale Refei\u00e7\u00e3o<\/li>\n<\/ul>\n<p>Sal\u00e1rio: 1800,0<\/p>\n","protected":false},"excerpt":{"rendered":"<p>A Talentos Consultoria est\u00e1 em busca de Assistente Administrativo para atuar em dos nossos clientes no Rio de Janeiro. Responsabilidades: Realiza\u00e7\u00e3o de pedidos e cadastros no sistema da empresa. Gest\u00e3o de e-mails, liga\u00e7\u00f5es e WhatsApp. Colabora\u00e7\u00e3o em atividades administrativas diversas. Requisitos: Ensino superior cursando ou conclu\u00eddo em Administra\u00e7\u00e3o ou \u00e1reas afins. Conhecimento intermedi\u00e1rio em Excel. [&hellip;]<\/p>\n","protected":false},"author":1,"featured_media":0,"comment_status":"open","ping_status":"open","sticky":false,"template":"","format":"standard","meta":{"footnotes":""},"categories":[21],"tags":[],"class_list":["post-6847","post","type-post","status-publish","format-standard","hentry","category-rio-de-janeiro-rj"],"_links":{"self":[{"href":"https:\/\/vagas.portalemprego.com.br\/index.php?rest_route=\/wp\/v2\/posts\/6847","targetHints":{"allow":["GET"]}}],"collection":[{"href":"https:\/\/vagas.portalemprego.com.br\/index.php?rest_route=\/wp\/v2\/posts"}],"about":[{"href":"https:\/\/vagas.portalemprego.com.br\/index.php?rest_route=\/wp\/v2\/types\/post"}],"author":[{"embeddable":true,"href":"https:\/\/vagas.portalemprego.com.br\/index.php?rest_route=\/wp\/v2\/users\/1"}],"replies":[{"embeddable":true,"href":"https:\/\/vagas.portalemprego.com.br\/index.php?rest_route=%2Fwp%2Fv2%2Fcomments&post=6847"}],"version-history":[{"count":0,"href":"https:\/\/vagas.portalemprego.com.br\/index.php?rest_route=\/wp\/v2\/posts\/6847\/revisions"}],"wp:attachment":[{"href":"https:\/\/vagas.portalemprego.com.br\/index.php?rest_route=%2Fwp%2Fv2%2Fmedia&parent=6847"}],"wp:term":[{"taxonomy":"category","embeddable":true,"href":"https:\/\/vagas.portalemprego.com.br\/index.php?rest_route=%2Fwp%2Fv2%2Fcategories&post=6847"},{"taxonomy":"post_tag","embeddable":true,"href":"https:\/\/vagas.portalemprego.com.br\/index.php?rest_route=%2Fwp%2Fv2%2Ftags&post=6847"}],"curies":[{"name":"wp","href":"https:\/\/api.w.org\/{rel}","templated":true}]}}