{"id":6851,"date":"2026-04-29T06:18:18","date_gmt":"2026-04-29T09:18:18","guid":{"rendered":"https:\/\/vagas.portalemprego.com.br\/?p=6851"},"modified":"2026-04-29T06:18:18","modified_gmt":"2026-04-29T09:18:18","slug":"auxiliar-de-logistica-logistica-itaperuna","status":"publish","type":"post","link":"https:\/\/vagas.portalemprego.com.br\/?p=6851","title":{"rendered":"Auxiliar de Log\u00edstica &#8211; Log\u00edstica &#8211; Itaperuna"},"content":{"rendered":"<p>A Luandre em Parceria com uma grande empresa no ramo Log\u00edstico  contrata para compor o seu time  Auxiliar de Log\u00edstica, que ter\u00e1 como atribui\u00e7\u00f5es:<br \/>\n Recebimento de mercadorias, Separa\u00e7\u00e3o, organiza\u00e7\u00e3o, abastecimento, movimenta\u00e7\u00e3o interna.<br \/>\ncontrole de entrada e sa\u00edda de mercadoria de um estoque.<\/p>\n<ul>\n<li>N\u00famero de vagas: 3<\/li>\n<li>Local de trabalho: Itaperuna, RJ<\/li>\n<li>Regime de contrata\u00e7\u00e3o de tipo: Tempor\u00e1rio<\/li>\n<li>Jornada: Noturno<\/li>\n<li>\u00c1rea e especializa\u00e7\u00e3o profissional: Log\u00edstica &#8211; Log\u00edstica<\/li>\n<li>N\u00edvel hier\u00e1rquico: Auxiliar<\/li>\n<\/ul>\n<p>VALORIZADO<\/p>\n<p>Tempo de experi\u00eancia: Menos de 1 ano<\/p>\n<p>Escolaridade M\u00ednima: Ensino M\u00e9dio (2\u00ba Grau)<\/p>\n<p>Sal\u00e1rio: 1689,0<\/p>\n","protected":false},"excerpt":{"rendered":"<p>A Luandre em Parceria com uma grande empresa no ramo Log\u00edstico contrata para compor o seu time Auxiliar de Log\u00edstica, que ter\u00e1 como atribui\u00e7\u00f5es: Recebimento de mercadorias, Separa\u00e7\u00e3o, organiza\u00e7\u00e3o, abastecimento, movimenta\u00e7\u00e3o interna. controle de entrada e sa\u00edda de mercadoria de um estoque. N\u00famero de vagas: 3 Local de trabalho: Itaperuna, RJ Regime de contrata\u00e7\u00e3o de [&hellip;]<\/p>\n","protected":false},"author":1,"featured_media":0,"comment_status":"open","ping_status":"open","sticky":false,"template":"","format":"standard","meta":{"footnotes":""},"categories":[21],"tags":[],"class_list":["post-6851","post","type-post","status-publish","format-standard","hentry","category-rio-de-janeiro-rj"],"_links":{"self":[{"href":"https:\/\/vagas.portalemprego.com.br\/index.php?rest_route=\/wp\/v2\/posts\/6851","targetHints":{"allow":["GET"]}}],"collection":[{"href":"https:\/\/vagas.portalemprego.com.br\/index.php?rest_route=\/wp\/v2\/posts"}],"about":[{"href":"https:\/\/vagas.portalemprego.com.br\/index.php?rest_route=\/wp\/v2\/types\/post"}],"author":[{"embeddable":true,"href":"https:\/\/vagas.portalemprego.com.br\/index.php?rest_route=\/wp\/v2\/users\/1"}],"replies":[{"embeddable":true,"href":"https:\/\/vagas.portalemprego.com.br\/index.php?rest_route=%2Fwp%2Fv2%2Fcomments&post=6851"}],"version-history":[{"count":0,"href":"https:\/\/vagas.portalemprego.com.br\/index.php?rest_route=\/wp\/v2\/posts\/6851\/revisions"}],"wp:attachment":[{"href":"https:\/\/vagas.portalemprego.com.br\/index.php?rest_route=%2Fwp%2Fv2%2Fmedia&parent=6851"}],"wp:term":[{"taxonomy":"category","embeddable":true,"href":"https:\/\/vagas.portalemprego.com.br\/index.php?rest_route=%2Fwp%2Fv2%2Fcategories&post=6851"},{"taxonomy":"post_tag","embeddable":true,"href":"https:\/\/vagas.portalemprego.com.br\/index.php?rest_route=%2Fwp%2Fv2%2Ftags&post=6851"}],"curies":[{"name":"wp","href":"https:\/\/api.w.org\/{rel}","templated":true}]}}