{"id":6852,"date":"2026-04-29T06:18:18","date_gmt":"2026-04-29T09:18:18","guid":{"rendered":"https:\/\/vagas.portalemprego.com.br\/?p=6852"},"modified":"2026-04-29T06:18:18","modified_gmt":"2026-04-29T09:18:18","slug":"vendedora-em-clinica-de-estetica-comercial-vendas-rio-de-janeiro","status":"publish","type":"post","link":"https:\/\/vagas.portalemprego.com.br\/?p=6852","title":{"rendered":"Vendedora em Cl\u00ednica de Est\u00e9tica &#8211; Comercial, Vendas &#8211; Rio de Janeiro"},"content":{"rendered":"<p>Vaga de Emprego: Vendedora em Cl\u00ednica de Est\u00e9tica<\/p>\n<p>Estamos em busca de uma Vendedora para se juntar ao nosso time na Cl\u00ednica de Est\u00e9tica localizada na Barra da Tijuca.<br \/>\nSe voc\u00ea tem experi\u00eancia em vendas e est\u00e1 entusiasmada em trabalhar em um ambiente din\u00e2mico e profissional, esta \u00e9 a oportunidade perfeita para voc\u00ea.<\/p>\n<p>**Perfil do Candidato:**<\/p>\n<p>&#8211; Experi\u00eancia com vendas, com prefer\u00eancia por experi\u00eancia em cl\u00ednica de est\u00e9tica.<br \/>\n&#8211; Experi\u00eancia com sistema CRM \u00e9 um diferencial.<br \/>\n&#8211; Boa comunica\u00e7\u00e3o e habilidades interpessoais.<br \/>\n&#8211; Entusiasmo e comprometimento com o trabalho.<br \/>\n&#8211; F\u00e1cil acesso \u00e0 Barra da Tijuca.<\/p>\n<p>**Fun\u00e7\u00f5es e Responsabilidades:**<\/p>\n<p>&#8211; Realizar vendas de servi\u00e7os e produtos da cl\u00ednica.<br \/>\n&#8211; Atendimento ao cliente, garantindo uma experi\u00eancia agrad\u00e1vel e satisfat\u00f3ria.<br \/>\n&#8211; Utilizar sistema CRM para gerenciar clientes e acompanhar vendas.<br \/>\n&#8211; Manter relacionamentos com clientes, garantindo a reten\u00e7\u00e3o e satisfa\u00e7\u00e3o.<br \/>\n&#8211; Participar de treinamentos e atualiza\u00e7\u00f5es sobre os servi\u00e7os oferecidos.<\/p>\n<p>**Requisitos:**<\/p>\n<p>&#8211; Experi\u00eancia em vendas, com foco em cl\u00ednica de est\u00e9tica.<br \/>\n&#8211; Conhecimento em sistemas CRM.<br \/>\n&#8211; Boa comunica\u00e7\u00e3o e habilidades de intera\u00e7\u00e3o com clientes.<br \/>\n&#8211; Entusiasmo e comprometimento com o trabalho.<br \/>\n&#8211; F\u00e1cil acesso \u00e0 Barra da Tijuca.<\/p>\n<p>Se voc\u00ea se identifica com o perfil acima e est\u00e1 buscando um novo desafio profissional, esta \u00e9 a oportunidade ideal para voc\u00ea.<br \/>\nJunte-se a n\u00f3s e fa\u00e7a parte de um time que valoriza o trabalho em equipe e o crescimento profissional.<\/p>\n<p>Aguardamos seu curr\u00edculo para avaliarmos sua candidatura.<\/p>\n<p>A Luandre Servi\u00e7os Tempor\u00e1rios Ltda.<br \/>\nse preocupa com a diversidade e est\u00e1 comprometida em criar um ambiente de trabalho inclusivo.<br \/>\nTodas as candidaturas ser\u00e3o tratadas com a m\u00e1xima confidencialidade.<\/p>\n<ul>\n<li>Local de trabalho: Rio de Janeiro, RJ<\/li>\n<li>Regime de contrata\u00e7\u00e3o de tipo: Efetivo \u2013 CLT<\/li>\n<li>Jornada: Per\u00edodo Integral<\/li>\n<li>\u00c1rea e especializa\u00e7\u00e3o profissional: Comercial, Vendas &#8211; Venda Interna<\/li>\n<li>N\u00edvel hier\u00e1rquico: Analista<\/li>\n<\/ul>\n<p>VALORIZADO<\/p>\n<p>Tempo de experi\u00eancia: Entre 1 e 3 anos<\/p>\n<p>HABILIDADES<\/p>\n<ul>\n<li>Boa comunica\u00e7\u00e3o, entusiasmo e comprometimento<\/li>\n<li>Experi\u00eancia com sistema CRM<\/li>\n<li>Experi\u00eancia com vendas em cl\u00ednica de est\u00e9tica ser\u00e3o diferenciais<\/li>\n<li>Experi\u00eancia com vendas<\/li>\n<li>F\u00e1cil acesso a Barra da Tijuca<\/li>\n<\/ul>\n<p>Escolaridade M\u00ednima: Ensino Superior<\/p>\n<ul>\n<li>Assist\u00eancia m\u00e9dica<\/li>\n<li>Vale-transporte<\/li>\n<li>Vale-refei\u00e7\u00e3o<\/li>\n<\/ul>\n<p>Sal\u00e1rio: 2500,0<\/p>\n","protected":false},"excerpt":{"rendered":"<p>Vaga de Emprego: Vendedora em Cl\u00ednica de Est\u00e9tica Estamos em busca de uma Vendedora para se juntar ao nosso time na Cl\u00ednica de Est\u00e9tica localizada na Barra da Tijuca. Se voc\u00ea tem experi\u00eancia em vendas e est\u00e1 entusiasmada em trabalhar em um ambiente din\u00e2mico e profissional, esta \u00e9 a oportunidade perfeita para voc\u00ea. **Perfil do [&hellip;]<\/p>\n","protected":false},"author":1,"featured_media":0,"comment_status":"open","ping_status":"open","sticky":false,"template":"","format":"standard","meta":{"footnotes":""},"categories":[21],"tags":[],"class_list":["post-6852","post","type-post","status-publish","format-standard","hentry","category-rio-de-janeiro-rj"],"_links":{"self":[{"href":"https:\/\/vagas.portalemprego.com.br\/index.php?rest_route=\/wp\/v2\/posts\/6852","targetHints":{"allow":["GET"]}}],"collection":[{"href":"https:\/\/vagas.portalemprego.com.br\/index.php?rest_route=\/wp\/v2\/posts"}],"about":[{"href":"https:\/\/vagas.portalemprego.com.br\/index.php?rest_route=\/wp\/v2\/types\/post"}],"author":[{"embeddable":true,"href":"https:\/\/vagas.portalemprego.com.br\/index.php?rest_route=\/wp\/v2\/users\/1"}],"replies":[{"embeddable":true,"href":"https:\/\/vagas.portalemprego.com.br\/index.php?rest_route=%2Fwp%2Fv2%2Fcomments&post=6852"}],"version-history":[{"count":0,"href":"https:\/\/vagas.portalemprego.com.br\/index.php?rest_route=\/wp\/v2\/posts\/6852\/revisions"}],"wp:attachment":[{"href":"https:\/\/vagas.portalemprego.com.br\/index.php?rest_route=%2Fwp%2Fv2%2Fmedia&parent=6852"}],"wp:term":[{"taxonomy":"category","embeddable":true,"href":"https:\/\/vagas.portalemprego.com.br\/index.php?rest_route=%2Fwp%2Fv2%2Fcategories&post=6852"},{"taxonomy":"post_tag","embeddable":true,"href":"https:\/\/vagas.portalemprego.com.br\/index.php?rest_route=%2Fwp%2Fv2%2Ftags&post=6852"}],"curies":[{"name":"wp","href":"https:\/\/api.w.org\/{rel}","templated":true}]}}