{"id":6853,"date":"2026-04-29T06:18:18","date_gmt":"2026-04-29T09:18:18","guid":{"rendered":"https:\/\/vagas.portalemprego.com.br\/?p=6853"},"modified":"2026-04-29T06:18:18","modified_gmt":"2026-04-29T09:18:18","slug":"reporter-comunicacao-tv-cinema-rio-de-janeiro","status":"publish","type":"post","link":"https:\/\/vagas.portalemprego.com.br\/?p=6853","title":{"rendered":"Reporter &#8211; Comunica\u00e7\u00e3o, TV, Cinema &#8211; Rio de Janeiro"},"content":{"rendered":"<p>Estamos em busca de um Rep\u00f3rter com experi\u00eancia em reportagens e habilidades de reda\u00e7\u00e3o para se juntar ao nosso time.<br \/>\nO candidato ideal deve ter um dom\u00ednio fluente do portugu\u00eas, sendo nativo, e deve demonstrar uma compreens\u00e3o profunda das t\u00e9cnicas de SEO e das fontes de conte\u00fados.<\/p>\n<p>A posi\u00e7\u00e3o requer algu\u00e9m capaz de redigir mat\u00e9rias de forma clara e envolvente, com um foco especial em otimiza\u00e7\u00e3o para mecanismos de busca.<br \/>\nO candidato deve ser capaz de identificar e utilizar as melhores pr\u00e1ticas de SEO para maximizar a visibilidade e o engajamento das publica\u00e7\u00f5es.<br \/>\nAl\u00e9m disso, \u00e9 essencial que o selecionado tenha uma forte capacidade de pesquisa e uma habilidade apurada em encontrar e avaliar fontes de conte\u00fado de alta qualidade.<\/p>\n<p>O Rep\u00f3rter ser\u00e1 respons\u00e1vel por revisar e editar conte\u00fados, garantindo que estejam alinhados com as diretrizes de SEO e com os padr\u00f5es de qualidade da empresa.<br \/>\nO candidato deve ser criativo, com uma mente anal\u00edtica e uma paix\u00e3o por storytelling.<\/p>\n<p>Se voc\u00ea \u00e9 um profissional de comunica\u00e7\u00e3o com um forte background em reda\u00e7\u00e3o e SEO, esta oportunidade \u00e9 para voc\u00ea.<br \/>\nJunte-se a n\u00f3s e contribua para o crescimento e a visibilidade da nossa marca.<\/p>\n<p>A candidatura deve ser feita diretamente pelo sistema de sele\u00e7\u00e3o de empregos.<br \/>\nEstamos ansiosos para conhecer seu perfil e como voc\u00ea pode contribuir para o nosso sucesso.<\/p>\n<ul>\n<li>Local de trabalho: Rio de Janeiro, RJ<\/li>\n<li>Regime de contrata\u00e7\u00e3o de tipo: Efetivo \u2013 CLT<\/li>\n<li>Jornada: Per\u00edodo Integral<\/li>\n<li>\u00c1rea e especializa\u00e7\u00e3o profissional: Comunica\u00e7\u00e3o, TV, Cinema &#8211; Jornalismo<\/li>\n<li>N\u00edvel hier\u00e1rquico: Analista<\/li>\n<\/ul>\n<p>HABILIDADES<\/p>\n<ul>\n<li>Conhecimento em fontes de conte\u00fados<\/li>\n<li>Conhecimento em redigir mat\u00e9rias<\/li>\n<li>Portugu\u00eas Fluente<\/li>\n<li>Portugu\u00eas Nativo<\/li>\n<li>T\u00e9cnicas de SEO<\/li>\n<\/ul>\n<p>Escolaridade M\u00ednima: Ensino Superior<\/p>\n<p>Disponibilidade para viajar<\/p>\n<ul>\n<li>Plano de Sa\u00fade<\/li>\n<li>Flash Alimenta\u00e7\u00e3o<\/li>\n<li>vale transporte<\/li>\n<\/ul>\n","protected":false},"excerpt":{"rendered":"<p>Estamos em busca de um Rep\u00f3rter com experi\u00eancia em reportagens e habilidades de reda\u00e7\u00e3o para se juntar ao nosso time. O candidato ideal deve ter um dom\u00ednio fluente do portugu\u00eas, sendo nativo, e deve demonstrar uma compreens\u00e3o profunda das t\u00e9cnicas de SEO e das fontes de conte\u00fados. A posi\u00e7\u00e3o requer algu\u00e9m capaz de redigir mat\u00e9rias [&hellip;]<\/p>\n","protected":false},"author":1,"featured_media":0,"comment_status":"open","ping_status":"open","sticky":false,"template":"","format":"standard","meta":{"footnotes":""},"categories":[21],"tags":[],"class_list":["post-6853","post","type-post","status-publish","format-standard","hentry","category-rio-de-janeiro-rj"],"_links":{"self":[{"href":"https:\/\/vagas.portalemprego.com.br\/index.php?rest_route=\/wp\/v2\/posts\/6853","targetHints":{"allow":["GET"]}}],"collection":[{"href":"https:\/\/vagas.portalemprego.com.br\/index.php?rest_route=\/wp\/v2\/posts"}],"about":[{"href":"https:\/\/vagas.portalemprego.com.br\/index.php?rest_route=\/wp\/v2\/types\/post"}],"author":[{"embeddable":true,"href":"https:\/\/vagas.portalemprego.com.br\/index.php?rest_route=\/wp\/v2\/users\/1"}],"replies":[{"embeddable":true,"href":"https:\/\/vagas.portalemprego.com.br\/index.php?rest_route=%2Fwp%2Fv2%2Fcomments&post=6853"}],"version-history":[{"count":0,"href":"https:\/\/vagas.portalemprego.com.br\/index.php?rest_route=\/wp\/v2\/posts\/6853\/revisions"}],"wp:attachment":[{"href":"https:\/\/vagas.portalemprego.com.br\/index.php?rest_route=%2Fwp%2Fv2%2Fmedia&parent=6853"}],"wp:term":[{"taxonomy":"category","embeddable":true,"href":"https:\/\/vagas.portalemprego.com.br\/index.php?rest_route=%2Fwp%2Fv2%2Fcategories&post=6853"},{"taxonomy":"post_tag","embeddable":true,"href":"https:\/\/vagas.portalemprego.com.br\/index.php?rest_route=%2Fwp%2Fv2%2Ftags&post=6853"}],"curies":[{"name":"wp","href":"https:\/\/api.w.org\/{rel}","templated":true}]}}