{"id":6854,"date":"2026-04-29T06:18:18","date_gmt":"2026-04-29T09:18:18","guid":{"rendered":"https:\/\/vagas.portalemprego.com.br\/?p=6854"},"modified":"2026-04-29T06:18:18","modified_gmt":"2026-04-29T09:18:18","slug":"auxiliar-administrativo-backoffice-comercial-vendas-rio-de-janeiro-2","status":"publish","type":"post","link":"https:\/\/vagas.portalemprego.com.br\/?p=6854","title":{"rendered":"Auxiliar Administrativo Backoffice &#8211; Comercial, Vendas &#8211; Rio de Janeiro"},"content":{"rendered":"<p>Pr\u00e9-Requisitos:<\/p>\n<p>Ensino M\u00e9dio Completo.<br \/>\nDesej\u00e1vel cursando superior relacionados \u00e0 \u00e1rea.<\/p>\n<p>Atividades b\u00e1sicas que ir\u00e1 realizar:<\/p>\n<p>1-Experi\u00eancia com p\u00f3s-venda;<br \/>\n2-Atividades voltadas para atendimento ao cliente dando suporte comercial;<br \/>\n3-Elaborar planilhas comerciais.<\/p>\n<p>Conhecimento:<\/p>\n<p> Conhecimento pacote office excel<\/p>\n<p>Perfil:<\/p>\n<p> Boa flu\u00eancia verbal;<br \/>\n Pro-ativo;<br \/>\n Comprometido;<\/p>\n<p>Local de Trabalho: Manguinhos &#8211; RJ<br \/>\nHor\u00e1rio: 07:30 \u00e0s 17:30 segunda \u00e0 sexta<\/p>\n<p>Empresa Oferece:<br \/>\nSal\u00e1rio: 1918,88<br \/>\nBenef\u00edcios: Refei\u00e7\u00e3o no Local + VT + Plano de Sa\u00fade e Odontol\u00f3gico (ap\u00f3s per\u00edodo de experi\u00eancia) e seguro de vida.<\/p>\n<ul>\n<li>Local de trabalho: Rio de Janeiro, RJ<\/li>\n<li>Regime de contrata\u00e7\u00e3o de tipo: Efetivo \u2013 CLT<\/li>\n<li>Jornada: Per\u00edodo Integral<\/li>\n<li>\u00c1rea e especializa\u00e7\u00e3o profissional: Comercial, Vendas &#8211; Atendimento<\/li>\n<li>N\u00edvel hier\u00e1rquico: Auxiliar<\/li>\n<\/ul>\n<p>VALORIZADO<\/p>\n<p>Tempo de experi\u00eancia: Entre 3 e 5 anos<\/p>\n<p>Escolaridade M\u00ednima: Ensino M\u00e9dio (2\u00ba Grau)<\/p>\n<ul>\n<li>Assist\u00eancia m\u00e9dica<\/li>\n<li>Seguro de Vida<\/li>\n<li>Vale-transporte<\/li>\n<li>Assist\u00eancia odontol\u00f3gica<\/li>\n<li>Vale-refei\u00e7\u00e3o<\/li>\n<\/ul>\n<p>Sal\u00e1rio: 1918,89<\/p>\n","protected":false},"excerpt":{"rendered":"<p>Pr\u00e9-Requisitos: Ensino M\u00e9dio Completo. Desej\u00e1vel cursando superior relacionados \u00e0 \u00e1rea. Atividades b\u00e1sicas que ir\u00e1 realizar: 1-Experi\u00eancia com p\u00f3s-venda; 2-Atividades voltadas para atendimento ao cliente dando suporte comercial; 3-Elaborar planilhas comerciais. Conhecimento: Conhecimento pacote office excel Perfil: Boa flu\u00eancia verbal; Pro-ativo; Comprometido; Local de Trabalho: Manguinhos &#8211; RJ Hor\u00e1rio: 07:30 \u00e0s 17:30 segunda \u00e0 sexta Empresa [&hellip;]<\/p>\n","protected":false},"author":1,"featured_media":0,"comment_status":"open","ping_status":"open","sticky":false,"template":"","format":"standard","meta":{"footnotes":""},"categories":[21],"tags":[],"class_list":["post-6854","post","type-post","status-publish","format-standard","hentry","category-rio-de-janeiro-rj"],"_links":{"self":[{"href":"https:\/\/vagas.portalemprego.com.br\/index.php?rest_route=\/wp\/v2\/posts\/6854","targetHints":{"allow":["GET"]}}],"collection":[{"href":"https:\/\/vagas.portalemprego.com.br\/index.php?rest_route=\/wp\/v2\/posts"}],"about":[{"href":"https:\/\/vagas.portalemprego.com.br\/index.php?rest_route=\/wp\/v2\/types\/post"}],"author":[{"embeddable":true,"href":"https:\/\/vagas.portalemprego.com.br\/index.php?rest_route=\/wp\/v2\/users\/1"}],"replies":[{"embeddable":true,"href":"https:\/\/vagas.portalemprego.com.br\/index.php?rest_route=%2Fwp%2Fv2%2Fcomments&post=6854"}],"version-history":[{"count":0,"href":"https:\/\/vagas.portalemprego.com.br\/index.php?rest_route=\/wp\/v2\/posts\/6854\/revisions"}],"wp:attachment":[{"href":"https:\/\/vagas.portalemprego.com.br\/index.php?rest_route=%2Fwp%2Fv2%2Fmedia&parent=6854"}],"wp:term":[{"taxonomy":"category","embeddable":true,"href":"https:\/\/vagas.portalemprego.com.br\/index.php?rest_route=%2Fwp%2Fv2%2Fcategories&post=6854"},{"taxonomy":"post_tag","embeddable":true,"href":"https:\/\/vagas.portalemprego.com.br\/index.php?rest_route=%2Fwp%2Fv2%2Ftags&post=6854"}],"curies":[{"name":"wp","href":"https:\/\/api.w.org\/{rel}","templated":true}]}}