{"id":6855,"date":"2026-04-29T06:18:18","date_gmt":"2026-04-29T09:18:18","guid":{"rendered":"https:\/\/vagas.portalemprego.com.br\/?p=6855"},"modified":"2026-04-29T06:18:18","modified_gmt":"2026-04-29T09:18:18","slug":"auxiliar-de-servicos-gerais-servicos-gerais-rio-de-janeiro-83","status":"publish","type":"post","link":"https:\/\/vagas.portalemprego.com.br\/?p=6855","title":{"rendered":"Auxiliar de Servi\u00e7os Gerais &#8211; Servi\u00e7os Gerais &#8211; Rio de Janeiro"},"content":{"rendered":"<p>Estamos em busca de um profissional de Auxiliar de Servi\u00e7os Gerais para se juntar \u00e0 nossa equipe. Se voc\u00ea \u00e9 uma pessoa \u00e1gil, prestativa, simp\u00e1tica e que gosta de trabalhar em equipe, essa \u00e9 a oportunidade perfeita para voc\u00ea!<\/p>\n<p>Como Auxiliar de Servi\u00e7os Gerais, voc\u00ea ser\u00e1 respons\u00e1vel por auxiliar na manuten\u00e7\u00e3o e limpeza de nossas instala\u00e7\u00f5es, garantindo um ambiente agrad\u00e1vel e seguro para nossos colaboradores. Algumas das suas principais atividades ser\u00e3o: realizar a limpeza e organiza\u00e7\u00e3o de salas, banheiros e demais \u00e1reas comuns.<\/p>\n<p>Para se destacar nessa posi\u00e7\u00e3o, \u00e9 essencial que voc\u00ea seja \u00e1gil e eficiente nas suas atividades, al\u00e9m de ter uma postura prestativa e simp\u00e1tica, respeitando sempre nossos clientes e colegas de trabalho. Procuramos algu\u00e9m que goste de trabalhar em equipe, contribuindo para um ambiente harmonioso e colaborativo.<\/p>\n<p>Requisitos:<\/p>\n<p>&#8211; Ensino Fundamental completo;<br \/>\n&#8211; Experi\u00eancia pr\u00e9via na fun\u00e7\u00e3o ser\u00e1 considerada um diferencial;<br \/>\n&#8211; Agilidade e aten\u00e7\u00e3o aos detalhes;<br \/>\n&#8211; Capacidade de trabalhar em equipe;<br \/>\n&#8211; Boa comunica\u00e7\u00e3o e habilidades interpessoais.<\/p>\n<p>Oferecemos um ambiente de trabalho desafiador e din\u00e2mico, com oportunidades de desenvolvimento profissional.<\/p>\n<ul>\n<li>Local de trabalho: Rio de Janeiro, RJ<\/li>\n<li>Regime de contrata\u00e7\u00e3o de tipo: Efetivo \u2013 CLT<\/li>\n<li>Jornada: Per\u00edodo Integral<\/li>\n<li>\u00c1rea e especializa\u00e7\u00e3o profissional: Servi\u00e7os Gerais &#8211; Limpeza<\/li>\n<li>N\u00edvel hier\u00e1rquico: Auxiliar<\/li>\n<\/ul>\n<p>VALORIZADO<\/p>\n<p>Tempo de experi\u00eancia: Entre 1 e 3 anos<\/p>\n<p>Escolaridade M\u00ednima: Ensino Fundamental (1\u00ba grau)<\/p>\n<ul>\n<li>Refei\u00e7\u00e3o no local<\/li>\n<li>Vale-transporte<\/li>\n<li>Seguro de Vida<\/li>\n<li>Assist\u00eancia odontol\u00f3gica<\/li>\n<li>Assist\u00eancia m\u00e9dica<\/li>\n<\/ul>\n<p>Sal\u00e1rio: 1578,74<\/p>\n","protected":false},"excerpt":{"rendered":"<p>Estamos em busca de um profissional de Auxiliar de Servi\u00e7os Gerais para se juntar \u00e0 nossa equipe. Se voc\u00ea \u00e9 uma pessoa \u00e1gil, prestativa, simp\u00e1tica e que gosta de trabalhar em equipe, essa \u00e9 a oportunidade perfeita para voc\u00ea! Como Auxiliar de Servi\u00e7os Gerais, voc\u00ea ser\u00e1 respons\u00e1vel por auxiliar na manuten\u00e7\u00e3o e limpeza de nossas [&hellip;]<\/p>\n","protected":false},"author":1,"featured_media":0,"comment_status":"open","ping_status":"open","sticky":false,"template":"","format":"standard","meta":{"footnotes":""},"categories":[21],"tags":[],"class_list":["post-6855","post","type-post","status-publish","format-standard","hentry","category-rio-de-janeiro-rj"],"_links":{"self":[{"href":"https:\/\/vagas.portalemprego.com.br\/index.php?rest_route=\/wp\/v2\/posts\/6855","targetHints":{"allow":["GET"]}}],"collection":[{"href":"https:\/\/vagas.portalemprego.com.br\/index.php?rest_route=\/wp\/v2\/posts"}],"about":[{"href":"https:\/\/vagas.portalemprego.com.br\/index.php?rest_route=\/wp\/v2\/types\/post"}],"author":[{"embeddable":true,"href":"https:\/\/vagas.portalemprego.com.br\/index.php?rest_route=\/wp\/v2\/users\/1"}],"replies":[{"embeddable":true,"href":"https:\/\/vagas.portalemprego.com.br\/index.php?rest_route=%2Fwp%2Fv2%2Fcomments&post=6855"}],"version-history":[{"count":0,"href":"https:\/\/vagas.portalemprego.com.br\/index.php?rest_route=\/wp\/v2\/posts\/6855\/revisions"}],"wp:attachment":[{"href":"https:\/\/vagas.portalemprego.com.br\/index.php?rest_route=%2Fwp%2Fv2%2Fmedia&parent=6855"}],"wp:term":[{"taxonomy":"category","embeddable":true,"href":"https:\/\/vagas.portalemprego.com.br\/index.php?rest_route=%2Fwp%2Fv2%2Fcategories&post=6855"},{"taxonomy":"post_tag","embeddable":true,"href":"https:\/\/vagas.portalemprego.com.br\/index.php?rest_route=%2Fwp%2Fv2%2Ftags&post=6855"}],"curies":[{"name":"wp","href":"https:\/\/api.w.org\/{rel}","templated":true}]}}