{"id":6859,"date":"2026-04-29T06:19:19","date_gmt":"2026-04-29T09:19:19","guid":{"rendered":"https:\/\/vagas.portalemprego.com.br\/?p=6859"},"modified":"2026-04-29T06:19:19","modified_gmt":"2026-04-29T09:19:19","slug":"recepcionista-vaga-exclusiva-pcd-saude-rio-de-janeiro","status":"publish","type":"post","link":"https:\/\/vagas.portalemprego.com.br\/?p=6859","title":{"rendered":"Recepcionista &#8211; Vaga Exclusiva PCD &#8211; Sa\u00fade &#8211; Rio de Janeiro"},"content":{"rendered":"<p>Fa\u00e7a parte da \u00e1rea de atendimento da maior rede de sa\u00fade integrada do Brasil.<\/p>\n<p>Aqui voc\u00ea encontra um ambiente \u00e1gil, que valoriza a inova\u00e7\u00e3o e protagonismo. Neste time voc\u00ea tem a oportunidade de cuidar do atendimento de pacientes nos Hospitais, Laborat\u00f3rios e no N\u00facleo de Atendimento ao(a) Cliente, da maior rede de sa\u00fade integrada do Brasil.<\/p>\n<p>Cuidamos por inteiro, por isso, estamos presentes em cada ponto de contato da vida de milh\u00f5es de pacientes e \u00e9 assim que conquistamos os melhores resultados, pois acolhemos todas as pessoas do jeito que elas s\u00e3o.<\/p>\n<p>Seja voc\u00ea a pessoa que transforma o futuro da sa\u00fade,<\/p>\n<p>#VemPraDasa #DasaLovers #VemSerDasa<\/p>\n<p>Importante: n\u00e3o efetuamos cobran\u00e7as de taxas em nossos processos seletivos.<\/p>\n<p>Responsabilidades e atribui\u00e7\u00f5es<br \/>\nSobre a posi\u00e7\u00e3o:<\/p>\n<p>Receber os(as) pacientes e visitantes nas unidades;<br \/>\nSeguir a escala de cobertura de postos;<br \/>\nRealizar a abertura das fichas de cadastro, verificando as autoriza\u00e7\u00f5es de conv\u00eanios e seguradoras, os preparos solicitados, medica\u00e7\u00f5es utilizadas e a forma de entrega de resultados;<br \/>\nApoio e acionamento na triagem no direcionamento dos pacientes;<br \/>\nEmitir comprovantes e receber pagamentos, quando necess\u00e1rio;<br \/>\nAgendar exames espec\u00edficos na unidade;<br \/>\nAdmiss\u00e3o em sistema do paciente ambulatorial.<\/p>\n<p>*As atividades podem sofrer altera\u00e7\u00e3o de acordo com o local de trabalho.<\/p>\n<p>Requisitos e qualifica\u00e7\u00f5es<br \/>\nSe o encantamento do(a) cliente e a excel\u00eancia no atendimento se conectam com voc\u00ea, a \u00e1rea de atendimento da Dasa \u00e9 o seu lugar.<\/p>\n<p>Para transformar a sa\u00fade \u00e9 preciso:<\/p>\n<p>Ensino M\u00e9dio Completo;<br \/>\nConhecimentos b\u00e1sicos em inform\u00e1tica;<br \/>\nDesej\u00e1vel experi\u00eancia com atendimento ao(a) cliente na \u00e1rea da sa\u00fade.<\/p>\n<p>\u00c9 cuidando da nossa gente que vamos ser a sa\u00fade que as pessoas desejam e que o mundo precisa, confira os nossos benef\u00edcios:<\/p>\n<p>Cuidados com a alimenta\u00e7\u00e3o: Vale Refei\u00e7\u00e3o\/Vale Alimenta\u00e7\u00e3o ou Refeit\u00f3rio no local de trabalho (de acordo com a localidade);<br \/>\nCuidados com a sa\u00fade: Plano de Sa\u00fade e Seguro de Vida;<br \/>\nCuidados com o seu desenvolvimento: Universidade Dasa, Ciclo de Desenvolvimento e Carreira, Academias de Tecnologia\/PMAX e Programa Crescer dentro da Dasa;<br \/>\nOutros: Vale Transporte e Bonifica\u00e7\u00e3o por desempenho (PPR).<\/p>\n<p> S\u00f3 a Dasa tem \u2013 Programa de Sa\u00fade , pautado em 5 pilares: <\/p>\n<p>Espiritual: yoga, medita\u00e7\u00e3o e mindfulness;<br \/>\nF\u00edsico: Totalpass, cl\u00ednica de aten\u00e7\u00e3o prim\u00e1ria, descontos em exames e vacinas;<br \/>\nIntelectual: Universidade Dasa;<br \/>\nRelacional: Clube de vantagens UAU e benef\u00edcios SESC;<br \/>\nEmocional: Telepsicologia.<\/p>\n<p>*Os benef\u00edcios podem sofrer altera\u00e7\u00e3o de acordo com a regi\u00e3o da vaga e da marca.<\/p>\n<ul>\n<li>Local de trabalho: Rio de Janeiro, RJ<\/li>\n<li>Regime de contrata\u00e7\u00e3o de tipo: Efetivo \u2013 CLT<\/li>\n<li>Jornada: Per\u00edodo Integral<\/li>\n<li>\u00c1rea e especializa\u00e7\u00e3o profissional: Sa\u00fade &#8211; An\u00e1lise Cl\u00ednica<\/li>\n<li>N\u00edvel hier\u00e1rquico: Operacional<\/li>\n<\/ul>\n<p>Escolaridade M\u00ednima: Ensino M\u00e9dio (2\u00ba Grau)<\/p>\n<ul>\n<li>Vale Transporte<\/li>\n<li>Cuidados com a sa\u00fade: Plano de Sa\u00fade e Seguro de Vida;<\/li>\n<li>Vale Refei\u00e7\u00e3o\/Vale Alimenta\u00e7\u00e3o ou Refeit\u00f3rio no local de trabalho<\/li>\n<\/ul>\n","protected":false},"excerpt":{"rendered":"<p>Fa\u00e7a parte da \u00e1rea de atendimento da maior rede de sa\u00fade integrada do Brasil. Aqui voc\u00ea encontra um ambiente \u00e1gil, que valoriza a inova\u00e7\u00e3o e protagonismo. Neste time voc\u00ea tem a oportunidade de cuidar do atendimento de pacientes nos Hospitais, Laborat\u00f3rios e no N\u00facleo de Atendimento ao(a) Cliente, da maior rede de sa\u00fade integrada do [&hellip;]<\/p>\n","protected":false},"author":1,"featured_media":0,"comment_status":"open","ping_status":"open","sticky":false,"template":"","format":"standard","meta":{"footnotes":""},"categories":[21],"tags":[],"class_list":["post-6859","post","type-post","status-publish","format-standard","hentry","category-rio-de-janeiro-rj"],"_links":{"self":[{"href":"https:\/\/vagas.portalemprego.com.br\/index.php?rest_route=\/wp\/v2\/posts\/6859","targetHints":{"allow":["GET"]}}],"collection":[{"href":"https:\/\/vagas.portalemprego.com.br\/index.php?rest_route=\/wp\/v2\/posts"}],"about":[{"href":"https:\/\/vagas.portalemprego.com.br\/index.php?rest_route=\/wp\/v2\/types\/post"}],"author":[{"embeddable":true,"href":"https:\/\/vagas.portalemprego.com.br\/index.php?rest_route=\/wp\/v2\/users\/1"}],"replies":[{"embeddable":true,"href":"https:\/\/vagas.portalemprego.com.br\/index.php?rest_route=%2Fwp%2Fv2%2Fcomments&post=6859"}],"version-history":[{"count":0,"href":"https:\/\/vagas.portalemprego.com.br\/index.php?rest_route=\/wp\/v2\/posts\/6859\/revisions"}],"wp:attachment":[{"href":"https:\/\/vagas.portalemprego.com.br\/index.php?rest_route=%2Fwp%2Fv2%2Fmedia&parent=6859"}],"wp:term":[{"taxonomy":"category","embeddable":true,"href":"https:\/\/vagas.portalemprego.com.br\/index.php?rest_route=%2Fwp%2Fv2%2Fcategories&post=6859"},{"taxonomy":"post_tag","embeddable":true,"href":"https:\/\/vagas.portalemprego.com.br\/index.php?rest_route=%2Fwp%2Fv2%2Ftags&post=6859"}],"curies":[{"name":"wp","href":"https:\/\/api.w.org\/{rel}","templated":true}]}}