{"id":6869,"date":"2026-04-29T06:19:19","date_gmt":"2026-04-29T09:19:19","guid":{"rendered":"https:\/\/vagas.portalemprego.com.br\/?p=6869"},"modified":"2026-04-29T06:19:19","modified_gmt":"2026-04-29T09:19:19","slug":"farmaceutico-hospitalar-saude-rio-de-janeiro-2","status":"publish","type":"post","link":"https:\/\/vagas.portalemprego.com.br\/?p=6869","title":{"rendered":"Farmac\u00eautico Hospitalar &#8211; Sa\u00fade &#8211; Rio de Janeiro"},"content":{"rendered":"<p>Empresa na \u00e1rea da sa\u00fade contrata para atuar em um de seus hospitais localizado no Rio de Janeiro.<br \/>\nO profissional realizar\u00e1 rotinas log\u00edsticas e administrativas relacionadas a cadeia medicamentosa;<br \/>\nCoordena\u00e7\u00e3o das atividades dos colaboradores da Farm\u00e1cia, apoiando e sanando poss\u00edveis d\u00favidas t\u00e9cnicas;<br \/>\nEstabelecer e conduzir uma rela\u00e7\u00e3o de cuidado centrada no paciente;<br \/>\nDesenvolver, em colabora\u00e7\u00e3o com os demais membros da equipe de sa\u00fade, a\u00e7\u00f5es para a promo\u00e7\u00e3o, prote\u00e7\u00e3o e recupera\u00e7\u00e3o da sa\u00fade, e a preven\u00e7\u00e3o de doen\u00e7as e de outros problemas de sa\u00fade;<br \/>\nParticipar do planejamento e da avalia\u00e7\u00e3o da farmacoterapia, para que o paciente utilize de forma segura os medicamentos de que necessita, nas doses, frequ\u00eancia, hor\u00e1rios, vias de administra\u00e7\u00e3o e dura\u00e7\u00e3o adequados, contribuindo para que o mesmo tenha condi\u00e7\u00f5es de realizar o tratamento e alcan\u00e7ar os objetivos terap\u00eauticos;<br \/>\nAnalisar e validar a prescri\u00e7\u00e3o de medicamentos quanto aos aspectos legais e t\u00e9cnicos.<\/p>\n<p>Perfil esperado \/ requisitos:<\/p>\n<p>Superior completo em Farm\u00e1cia;<br \/>\nCRF regularizado;<br \/>\nViv\u00eancia como Farmac\u00eautico T\u00e9cnico Respons\u00e1vel;<br \/>\nDesej\u00e1vel P\u00f3s gradua\u00e7\u00e3o em Farm\u00e1cia Hospitalar; Farm\u00e1cia Cl\u00ednica; Log\u00edstica ou Administra\u00e7\u00e3o Hospitalar;<br \/>\nDesej\u00e1vel conhecimento em Sishosp e SAP.<\/p>\n<ul>\n<li>Local de trabalho: Rio de Janeiro, RJ<\/li>\n<li>Regime de contrata\u00e7\u00e3o de tipo: Tempor\u00e1rio<\/li>\n<li>Jornada: Per\u00edodo Integral<\/li>\n<li>\u00c1rea e especializa\u00e7\u00e3o profissional: Sa\u00fade &#8211; Farm\u00e1cia<\/li>\n<li>N\u00edvel hier\u00e1rquico: Especialista<\/li>\n<\/ul>\n<p>VALORIZADO<\/p>\n<p>Tempo de experi\u00eancia: Entre 3 e 5 anos<\/p>\n<p>HABILIDADES<\/p>\n<ul>\n<li>Experi\u00eancia anterior em Hospital<\/li>\n<\/ul>\n<p>Escolaridade M\u00ednima: Ensino Superior<\/p>\n<ul>\n<li>Vale Transporte e Refei\u00e7\u00e3o no Local<\/li>\n<\/ul>\n","protected":false},"excerpt":{"rendered":"<p>Empresa na \u00e1rea da sa\u00fade contrata para atuar em um de seus hospitais localizado no Rio de Janeiro. O profissional realizar\u00e1 rotinas log\u00edsticas e administrativas relacionadas a cadeia medicamentosa; Coordena\u00e7\u00e3o das atividades dos colaboradores da Farm\u00e1cia, apoiando e sanando poss\u00edveis d\u00favidas t\u00e9cnicas; Estabelecer e conduzir uma rela\u00e7\u00e3o de cuidado centrada no paciente; Desenvolver, em colabora\u00e7\u00e3o [&hellip;]<\/p>\n","protected":false},"author":1,"featured_media":0,"comment_status":"open","ping_status":"open","sticky":false,"template":"","format":"standard","meta":{"footnotes":""},"categories":[21],"tags":[],"class_list":["post-6869","post","type-post","status-publish","format-standard","hentry","category-rio-de-janeiro-rj"],"_links":{"self":[{"href":"https:\/\/vagas.portalemprego.com.br\/index.php?rest_route=\/wp\/v2\/posts\/6869","targetHints":{"allow":["GET"]}}],"collection":[{"href":"https:\/\/vagas.portalemprego.com.br\/index.php?rest_route=\/wp\/v2\/posts"}],"about":[{"href":"https:\/\/vagas.portalemprego.com.br\/index.php?rest_route=\/wp\/v2\/types\/post"}],"author":[{"embeddable":true,"href":"https:\/\/vagas.portalemprego.com.br\/index.php?rest_route=\/wp\/v2\/users\/1"}],"replies":[{"embeddable":true,"href":"https:\/\/vagas.portalemprego.com.br\/index.php?rest_route=%2Fwp%2Fv2%2Fcomments&post=6869"}],"version-history":[{"count":0,"href":"https:\/\/vagas.portalemprego.com.br\/index.php?rest_route=\/wp\/v2\/posts\/6869\/revisions"}],"wp:attachment":[{"href":"https:\/\/vagas.portalemprego.com.br\/index.php?rest_route=%2Fwp%2Fv2%2Fmedia&parent=6869"}],"wp:term":[{"taxonomy":"category","embeddable":true,"href":"https:\/\/vagas.portalemprego.com.br\/index.php?rest_route=%2Fwp%2Fv2%2Fcategories&post=6869"},{"taxonomy":"post_tag","embeddable":true,"href":"https:\/\/vagas.portalemprego.com.br\/index.php?rest_route=%2Fwp%2Fv2%2Ftags&post=6869"}],"curies":[{"name":"wp","href":"https:\/\/api.w.org\/{rel}","templated":true}]}}