{"id":6871,"date":"2026-04-29T06:19:19","date_gmt":"2026-04-29T09:19:19","guid":{"rendered":"https:\/\/vagas.portalemprego.com.br\/?p=6871"},"modified":"2026-04-29T06:19:19","modified_gmt":"2026-04-29T09:19:19","slug":"analista-de-compras-temporario-5-meses-rj-compras-rio-de-janeiro","status":"publish","type":"post","link":"https:\/\/vagas.portalemprego.com.br\/?p=6871","title":{"rendered":"Analista de Compras Tempor\u00e1rio 5 meses &#8211; RJ &#8211; Compras &#8211; Rio de Janeiro"},"content":{"rendered":"<p>A Verzani &amp; Sandrini, l\u00edder nacional no segmento de facilities, est\u00e1 em busca de um(a) Analista de Compras para integrar nosso time!<br \/>\n?? O que oferecemos<br \/>\nSal\u00e1rio: R$ 3.057,62<br \/>\nVale Alimenta\u00e7\u00e3o: R$ 25,00\/dia<br \/>\nVale Transporte<br \/>\nContrato tempor\u00e1rio: 5 meses<br \/>\n?? Principais responsabilidades<br \/>\nCriar e acompanhar requisi\u00e7\u00f5es de compras at\u00e9 a postagem da NF para pagamento;<br \/>\nRealizar cota\u00e7\u00f5es, elaborar mapas comparativos e conduzir negocia\u00e7\u00f5es com fornecedores;<br \/>\nEfetuar pedidos de cat\u00e1logo e reposi\u00e7\u00e3o do almoxarifado;<br \/>\nCadastrar e desenvolver novos fornecedores, especialmente locais;<br \/>\nAcompanhar a elabora\u00e7\u00e3o de contratos com fornecedores;<br \/>\nControlar contas fixas dos escrit\u00f3rios regionais;<br \/>\nFazer provis\u00e3o de NFs fora do per\u00edodo de corte;<br \/>\nAtuar na gest\u00e3o de frota (valida\u00e7\u00e3o de faturas, controles, etc.);<br \/>\nAnalisar indicadores e comparativos de pre\u00e7os.<br \/>\n?? Requisitos<br \/>\nExcel intermedi\u00e1rio;<br \/>\nConhecimento em SAP ou facilidade com sistemas;<br \/>\nDesej\u00e1vel experi\u00eancia no segmento de terceiriza\u00e7\u00e3o de servi\u00e7os ou varejo;<br \/>\nEnsino Superior completo;<br \/>\nDesej\u00e1vel Power BI intermedi\u00e1rio;<br \/>\nCNH categoria B.<br \/>\n?? Local de trabalho<br \/>\nBarra da Tijuca \u2013 Rio de Janeiro<br \/>\n ?? 100% presencial<br \/>\nSe voc\u00ea se identificou com a vaga e est\u00e1 dentro do perfil desejado, inscreva se e venha fazer parte do nosso time!<\/p>\n<ul>\n<li>Local de trabalho: Rio de Janeiro, RJ<\/li>\n<li>Regime de contrata\u00e7\u00e3o de tipo: Efetivo \u2013 CLT<\/li>\n<li>Jornada: Per\u00edodo Integral<\/li>\n<li>\u00c1rea e especializa\u00e7\u00e3o profissional: Compras &#8211; Compras<\/li>\n<li>N\u00edvel hier\u00e1rquico: Analista<\/li>\n<\/ul>\n<p>VALORIZADO<\/p>\n<p>Tempo de experi\u00eancia: Entre 1 e 3 anos<\/p>\n<p>Escolaridade M\u00ednima: Ensino Superior<\/p>\n<p>Sal\u00e1rio: 3057,62<\/p>\n","protected":false},"excerpt":{"rendered":"<p>A Verzani &amp; Sandrini, l\u00edder nacional no segmento de facilities, est\u00e1 em busca de um(a) Analista de Compras para integrar nosso time! ?? O que oferecemos Sal\u00e1rio: R$ 3.057,62 Vale Alimenta\u00e7\u00e3o: R$ 25,00\/dia Vale Transporte Contrato tempor\u00e1rio: 5 meses ?? Principais responsabilidades Criar e acompanhar requisi\u00e7\u00f5es de compras at\u00e9 a postagem da NF para pagamento; [&hellip;]<\/p>\n","protected":false},"author":1,"featured_media":0,"comment_status":"open","ping_status":"open","sticky":false,"template":"","format":"standard","meta":{"footnotes":""},"categories":[21],"tags":[],"class_list":["post-6871","post","type-post","status-publish","format-standard","hentry","category-rio-de-janeiro-rj"],"_links":{"self":[{"href":"https:\/\/vagas.portalemprego.com.br\/index.php?rest_route=\/wp\/v2\/posts\/6871","targetHints":{"allow":["GET"]}}],"collection":[{"href":"https:\/\/vagas.portalemprego.com.br\/index.php?rest_route=\/wp\/v2\/posts"}],"about":[{"href":"https:\/\/vagas.portalemprego.com.br\/index.php?rest_route=\/wp\/v2\/types\/post"}],"author":[{"embeddable":true,"href":"https:\/\/vagas.portalemprego.com.br\/index.php?rest_route=\/wp\/v2\/users\/1"}],"replies":[{"embeddable":true,"href":"https:\/\/vagas.portalemprego.com.br\/index.php?rest_route=%2Fwp%2Fv2%2Fcomments&post=6871"}],"version-history":[{"count":0,"href":"https:\/\/vagas.portalemprego.com.br\/index.php?rest_route=\/wp\/v2\/posts\/6871\/revisions"}],"wp:attachment":[{"href":"https:\/\/vagas.portalemprego.com.br\/index.php?rest_route=%2Fwp%2Fv2%2Fmedia&parent=6871"}],"wp:term":[{"taxonomy":"category","embeddable":true,"href":"https:\/\/vagas.portalemprego.com.br\/index.php?rest_route=%2Fwp%2Fv2%2Fcategories&post=6871"},{"taxonomy":"post_tag","embeddable":true,"href":"https:\/\/vagas.portalemprego.com.br\/index.php?rest_route=%2Fwp%2Fv2%2Ftags&post=6871"}],"curies":[{"name":"wp","href":"https:\/\/api.w.org\/{rel}","templated":true}]}}