{"id":6873,"date":"2026-04-29T06:19:19","date_gmt":"2026-04-29T09:19:19","guid":{"rendered":"https:\/\/vagas.portalemprego.com.br\/?p=6873"},"modified":"2026-04-29T06:19:19","modified_gmt":"2026-04-29T09:19:19","slug":"cumim-alimentacao-gastronomia-rio-de-janeiro-6","status":"publish","type":"post","link":"https:\/\/vagas.portalemprego.com.br\/?p=6873","title":{"rendered":"Cumim &#8211; Alimenta\u00e7\u00e3o \/ Gastronomia &#8211; Rio de Janeiro"},"content":{"rendered":"<p>O Cumim \u00e9 respons\u00e1vel por auxiliar o gar\u00e7om e por cuidar do ambiente para fazer com que os clientes exigentes se sintam em casa. Aten\u00e7\u00e3o, agilidade e simpatia s\u00e3o f\u00f3rmulas importantes para que este profissional se destaque.\u00a0O Cumim ajuda o gar\u00e7om a garantir que os clientes tenham uma boa experi\u00eancia no restaurante. Ele \u00e9 respons\u00e1vel por ajudar a manter o lugar limpo, organizado e garantir que os clientes recebam seus pedidos corretamente.<\/p>\n<p>Rotina\u00a0<\/p>\n<p>Oferecer excelente servi\u00e7o de atendimento para garantir satisfa\u00e7\u00e3o do cliente;<br \/>\nFazer a montagem e desmontagem do sal\u00e3o juntamente com o gar\u00e7om;<br \/>\nOrganizar os arm\u00e1rios de apoio para a opera\u00e7\u00e3o;<br \/>\nServir pratos e bebidas;<br \/>\nManter as mesas limpas e organizadas;<br \/>\nCumprimentar e levar os clientes \u00e0s suas mesas quando necess\u00e1rio;<br \/>\nPreparar as mesas colocando talheres, copos, molhos ou qualquer utens\u00edlio ou insumo de acordo com a necessidade de casa unidade alife;<br \/>\nAbastecer arm\u00e1rios e centros de mesa com talheres, guardanapos, palitos de dentes, sal, a\u00e7\u00facar e afins;<br \/>\nTrocar e monitorar as etiquetas de molhos e afins;<br \/>\nLimpar e sanitizar vidros e utens\u00edlios de mesa;<br \/>\nServir os pedidos de alimentos e bebidas;<br \/>\nConferir a limpeza e apresenta\u00e7\u00e3o de pratos e talheres e comunicar quaisquer problemas;<br \/>\nLevar lou\u00e7a, copos e talheres sujos para serem limpos na cozinha\/copa;<br \/>\nSeguir todas as normas pertinentes do minist\u00e9rio da sa\u00fade;<br \/>\nProporcionar excelente atendimento aos clientes gerando uma \u00f3tima experi\u00eancia.<\/p>\n<ul>\n<li>Local de trabalho: Rio de Janeiro, RJ<\/li>\n<li>Regime de contrata\u00e7\u00e3o de tipo: Efetivo \u2013 CLT<\/li>\n<li>Jornada: Per\u00edodo Integral<\/li>\n<li>\u00c1rea e especializa\u00e7\u00e3o profissional: Alimenta\u00e7\u00e3o \/ Gastronomia &#8211; Atendente \/ Recep\u00e7\u00e3o \/ Gar\u00e7om<\/li>\n<li>N\u00edvel hier\u00e1rquico: Auxiliar<\/li>\n<\/ul>\n<p>Escolaridade M\u00ednima: Ensino Fundamental (1\u00ba grau)<\/p>\n","protected":false},"excerpt":{"rendered":"<p>O Cumim \u00e9 respons\u00e1vel por auxiliar o gar\u00e7om e por cuidar do ambiente para fazer com que os clientes exigentes se sintam em casa. Aten\u00e7\u00e3o, agilidade e simpatia s\u00e3o f\u00f3rmulas importantes para que este profissional se destaque.\u00a0O Cumim ajuda o gar\u00e7om a garantir que os clientes tenham uma boa experi\u00eancia no restaurante. Ele \u00e9 respons\u00e1vel [&hellip;]<\/p>\n","protected":false},"author":1,"featured_media":0,"comment_status":"open","ping_status":"open","sticky":false,"template":"","format":"standard","meta":{"footnotes":""},"categories":[21],"tags":[],"class_list":["post-6873","post","type-post","status-publish","format-standard","hentry","category-rio-de-janeiro-rj"],"_links":{"self":[{"href":"https:\/\/vagas.portalemprego.com.br\/index.php?rest_route=\/wp\/v2\/posts\/6873","targetHints":{"allow":["GET"]}}],"collection":[{"href":"https:\/\/vagas.portalemprego.com.br\/index.php?rest_route=\/wp\/v2\/posts"}],"about":[{"href":"https:\/\/vagas.portalemprego.com.br\/index.php?rest_route=\/wp\/v2\/types\/post"}],"author":[{"embeddable":true,"href":"https:\/\/vagas.portalemprego.com.br\/index.php?rest_route=\/wp\/v2\/users\/1"}],"replies":[{"embeddable":true,"href":"https:\/\/vagas.portalemprego.com.br\/index.php?rest_route=%2Fwp%2Fv2%2Fcomments&post=6873"}],"version-history":[{"count":0,"href":"https:\/\/vagas.portalemprego.com.br\/index.php?rest_route=\/wp\/v2\/posts\/6873\/revisions"}],"wp:attachment":[{"href":"https:\/\/vagas.portalemprego.com.br\/index.php?rest_route=%2Fwp%2Fv2%2Fmedia&parent=6873"}],"wp:term":[{"taxonomy":"category","embeddable":true,"href":"https:\/\/vagas.portalemprego.com.br\/index.php?rest_route=%2Fwp%2Fv2%2Fcategories&post=6873"},{"taxonomy":"post_tag","embeddable":true,"href":"https:\/\/vagas.portalemprego.com.br\/index.php?rest_route=%2Fwp%2Fv2%2Ftags&post=6873"}],"curies":[{"name":"wp","href":"https:\/\/api.w.org\/{rel}","templated":true}]}}