{"id":6880,"date":"2026-04-29T06:20:20","date_gmt":"2026-04-29T09:20:20","guid":{"rendered":"https:\/\/vagas.portalemprego.com.br\/?p=6880"},"modified":"2026-04-29T06:20:20","modified_gmt":"2026-04-29T09:20:20","slug":"auxiliar-administrativo-em-seguros-centro-rj-administracao-rio-de-janeiro","status":"publish","type":"post","link":"https:\/\/vagas.portalemprego.com.br\/?p=6880","title":{"rendered":"AUXILIAR ADMINISTRATIVO EM SEGUROS &#8211; CENTRO &#8211; RJ &#8211; Administra\u00e7\u00e3o &#8211; Rio de Janeiro"},"content":{"rendered":"<p>VAGA DE AUXILIAR ADMINISTRATIVO EM SEGUROS &#8211; CENTRO RJ<\/p>\n<p>Regime de contrata\u00e7\u00e3o: CLT<\/p>\n<p>Corretora de seguros que valoriza o acolhimento e atendimento de qualidade, busca profissional comunicativo(a), comprometido(a), organizado(a) e que saiba lidar com press\u00e3o, resolvendo problemas com facilidade transmitindo credibilidade. Venha fazer a diferen\u00e7a no mercado de seguros! Confira os pr\u00e9-requisitos e se candidate! <\/p>\n<p>*Requisitos:*<br \/>\n&#8211; Morar pr\u00f3ximo ao Centro do RJ;<br \/>\n&#8211; Ensino m\u00e9dio completo;<br \/>\n&#8211; Experi\u00eancia na fun\u00e7\u00e3o;<br \/>\n&#8211; N\u00edvel Intermedi\u00e1rio no Pacote Office;<\/p>\n<p>*Atribui\u00e7\u00f5es:*<br \/>\n&#8211; Relacionamento com cliente no p\u00f3s venda.<br \/>\n&#8211; Manuten\u00e7\u00e3o de contas,<br \/>\n&#8211; Contato com empres\u00e1rios, seguradoras e clientes,<br \/>\n&#8211; Altera\u00e7\u00f5es cadastrais,<br \/>\n&#8211; Acompanhar reembolso,<br \/>\n&#8211; Implanta\u00e7\u00e3o de novos contratos nas seguradoras.<br \/>\n&#8211; Dentre outras atividades pertinentes ao cargo.<\/p>\n<p>Benef\u00edcios:<br \/>\n&#8211; Vale Transporte<br \/>\n&#8211; Vale Refei\u00e7\u00e3o<\/p>\n<p>Jornada: 44h semanais<\/p>\n<p>As vagas da entrevista s\u00e3o limitadas! <\/p>\n<p>Estamos ansiosos para conhecer voc\u00ea!<\/p>\n<ul>\n<li>Local de trabalho: Rio de Janeiro, RJ<\/li>\n<li>Regime de contrata\u00e7\u00e3o de tipo: Efetivo \u2013 CLT<\/li>\n<li>Jornada: Per\u00edodo Integral<\/li>\n<li>\u00c1rea e especializa\u00e7\u00e3o profissional: Administra\u00e7\u00e3o &#8211; Administra\u00e7\u00e3o Geral<\/li>\n<li>N\u00edvel hier\u00e1rquico: Auxiliar<\/li>\n<\/ul>\n<p>VALORIZADO<\/p>\n<p>Tempo de experi\u00eancia: Entre 1 e 3 anos<\/p>\n<p>HABILIDADES<\/p>\n<ul>\n<li>COMPROMETIMENTO<\/li>\n<li>PERSUASIVO<\/li>\n<li>OBJETIVO<\/li>\n<li>PROATIVO<\/li>\n<li>COMUNICATIVO<\/li>\n<li>ORGANIZADO<\/li>\n<\/ul>\n<p>Escolaridade M\u00ednima: Ensino M\u00e9dio (2\u00ba Grau)<\/p>\n","protected":false},"excerpt":{"rendered":"<p>VAGA DE AUXILIAR ADMINISTRATIVO EM SEGUROS &#8211; CENTRO RJ Regime de contrata\u00e7\u00e3o: CLT Corretora de seguros que valoriza o acolhimento e atendimento de qualidade, busca profissional comunicativo(a), comprometido(a), organizado(a) e que saiba lidar com press\u00e3o, resolvendo problemas com facilidade transmitindo credibilidade. Venha fazer a diferen\u00e7a no mercado de seguros! Confira os pr\u00e9-requisitos e se candidate! [&hellip;]<\/p>\n","protected":false},"author":1,"featured_media":0,"comment_status":"open","ping_status":"open","sticky":false,"template":"","format":"standard","meta":{"footnotes":""},"categories":[21],"tags":[],"class_list":["post-6880","post","type-post","status-publish","format-standard","hentry","category-rio-de-janeiro-rj"],"_links":{"self":[{"href":"https:\/\/vagas.portalemprego.com.br\/index.php?rest_route=\/wp\/v2\/posts\/6880","targetHints":{"allow":["GET"]}}],"collection":[{"href":"https:\/\/vagas.portalemprego.com.br\/index.php?rest_route=\/wp\/v2\/posts"}],"about":[{"href":"https:\/\/vagas.portalemprego.com.br\/index.php?rest_route=\/wp\/v2\/types\/post"}],"author":[{"embeddable":true,"href":"https:\/\/vagas.portalemprego.com.br\/index.php?rest_route=\/wp\/v2\/users\/1"}],"replies":[{"embeddable":true,"href":"https:\/\/vagas.portalemprego.com.br\/index.php?rest_route=%2Fwp%2Fv2%2Fcomments&post=6880"}],"version-history":[{"count":0,"href":"https:\/\/vagas.portalemprego.com.br\/index.php?rest_route=\/wp\/v2\/posts\/6880\/revisions"}],"wp:attachment":[{"href":"https:\/\/vagas.portalemprego.com.br\/index.php?rest_route=%2Fwp%2Fv2%2Fmedia&parent=6880"}],"wp:term":[{"taxonomy":"category","embeddable":true,"href":"https:\/\/vagas.portalemprego.com.br\/index.php?rest_route=%2Fwp%2Fv2%2Fcategories&post=6880"},{"taxonomy":"post_tag","embeddable":true,"href":"https:\/\/vagas.portalemprego.com.br\/index.php?rest_route=%2Fwp%2Fv2%2Ftags&post=6880"}],"curies":[{"name":"wp","href":"https:\/\/api.w.org\/{rel}","templated":true}]}}