{"id":6881,"date":"2026-04-29T06:20:20","date_gmt":"2026-04-29T09:20:20","guid":{"rendered":"https:\/\/vagas.portalemprego.com.br\/?p=6881"},"modified":"2026-04-29T06:20:20","modified_gmt":"2026-04-29T09:20:20","slug":"cozinheiro-alimentacao-gastronomia-rio-de-janeiro-29","status":"publish","type":"post","link":"https:\/\/vagas.portalemprego.com.br\/?p=6881","title":{"rendered":"Cozinheiro &#8211; Alimenta\u00e7\u00e3o \/ Gastronomia &#8211; Rio de Janeiro"},"content":{"rendered":"<p>Famosa rede de restaurantes busca Cozinheiro para sua unidade Leblon.<\/p>\n<p>Requisitos:<br \/>\n&#8211; Ensino M\u00e9dio Completo<br \/>\n&#8211; Experi\u00eancia na fun\u00e7\u00e3o<br \/>\n&#8211; F\u00e1cil acesso ao Leblon<br \/>\n&#8211; Disponibilidade de hor\u00e1rio<\/p>\n<p>M\u00e9dia salarial: R$1.600,00 + Comiss\u00e3o (m\u00e9dia de 1536,47) + Refei\u00e7\u00e3o no local + VT<br \/>\nEscala 6&#215;1<br \/>\nHor\u00e1rio:  a combinar<\/p>\n<ul>\n<li>Local de trabalho: Rio de Janeiro, RJ<\/li>\n<li>Regime de contrata\u00e7\u00e3o de tipo: Efetivo \u2013 CLT<\/li>\n<li>Jornada: Noturno<\/li>\n<li>\u00c1rea e especializa\u00e7\u00e3o profissional: Alimenta\u00e7\u00e3o \/ Gastronomia &#8211; Cozinha<\/li>\n<li>N\u00edvel hier\u00e1rquico: Operacional<\/li>\n<\/ul>\n<p>VALORIZADO<\/p>\n<p>Tempo de experi\u00eancia: Entre 1 e 3 anos<\/p>\n<p>Escolaridade M\u00ednima: Ensino M\u00e9dio (2\u00ba Grau)<\/p>\n<p>Sal\u00e1rio: 3136,0<\/p>\n","protected":false},"excerpt":{"rendered":"<p>Famosa rede de restaurantes busca Cozinheiro para sua unidade Leblon. Requisitos: &#8211; Ensino M\u00e9dio Completo &#8211; Experi\u00eancia na fun\u00e7\u00e3o &#8211; F\u00e1cil acesso ao Leblon &#8211; Disponibilidade de hor\u00e1rio M\u00e9dia salarial: R$1.600,00 + Comiss\u00e3o (m\u00e9dia de 1536,47) + Refei\u00e7\u00e3o no local + VT Escala 6&#215;1 Hor\u00e1rio: a combinar Local de trabalho: Rio de Janeiro, RJ Regime [&hellip;]<\/p>\n","protected":false},"author":1,"featured_media":0,"comment_status":"open","ping_status":"open","sticky":false,"template":"","format":"standard","meta":{"footnotes":""},"categories":[21],"tags":[],"class_list":["post-6881","post","type-post","status-publish","format-standard","hentry","category-rio-de-janeiro-rj"],"_links":{"self":[{"href":"https:\/\/vagas.portalemprego.com.br\/index.php?rest_route=\/wp\/v2\/posts\/6881","targetHints":{"allow":["GET"]}}],"collection":[{"href":"https:\/\/vagas.portalemprego.com.br\/index.php?rest_route=\/wp\/v2\/posts"}],"about":[{"href":"https:\/\/vagas.portalemprego.com.br\/index.php?rest_route=\/wp\/v2\/types\/post"}],"author":[{"embeddable":true,"href":"https:\/\/vagas.portalemprego.com.br\/index.php?rest_route=\/wp\/v2\/users\/1"}],"replies":[{"embeddable":true,"href":"https:\/\/vagas.portalemprego.com.br\/index.php?rest_route=%2Fwp%2Fv2%2Fcomments&post=6881"}],"version-history":[{"count":0,"href":"https:\/\/vagas.portalemprego.com.br\/index.php?rest_route=\/wp\/v2\/posts\/6881\/revisions"}],"wp:attachment":[{"href":"https:\/\/vagas.portalemprego.com.br\/index.php?rest_route=%2Fwp%2Fv2%2Fmedia&parent=6881"}],"wp:term":[{"taxonomy":"category","embeddable":true,"href":"https:\/\/vagas.portalemprego.com.br\/index.php?rest_route=%2Fwp%2Fv2%2Fcategories&post=6881"},{"taxonomy":"post_tag","embeddable":true,"href":"https:\/\/vagas.portalemprego.com.br\/index.php?rest_route=%2Fwp%2Fv2%2Ftags&post=6881"}],"curies":[{"name":"wp","href":"https:\/\/api.w.org\/{rel}","templated":true}]}}