{"id":6885,"date":"2026-04-29T06:20:20","date_gmt":"2026-04-29T09:20:20","guid":{"rendered":"https:\/\/vagas.portalemprego.com.br\/?p=6885"},"modified":"2026-04-29T06:20:20","modified_gmt":"2026-04-29T09:20:20","slug":"auxiliar-de-letreiros-industrial-producao-fabrica-sao-joao-de-meriti","status":"publish","type":"post","link":"https:\/\/vagas.portalemprego.com.br\/?p=6885","title":{"rendered":"AUXILIAR DE LETREIROS &#8211; Industrial, Produ\u00e7\u00e3o, F\u00e1brica &#8211; S\u00e3o Jo\u00e3o de Meriti"},"content":{"rendered":"<p>Responsabilidade:<br \/>\n&#8211; Preparar as pe\u00e7as que ser\u00e3o utilizadas;<br \/>\n&#8211; Cortar material e preparar a pe\u00e7as;<br \/>\n&#8211; Ajudar a equipe na confec\u00e7\u00e3o das letras;<br \/>\n&#8211; Manter a limpeza do ambiente de trabalho;<br \/>\n&#8211; Utilizar Epis corretos para a fun\u00e7\u00e3o;<\/p>\n<p>Requisito:<br \/>\n&#8211; Manuseio de ferramentas voltadas para a \u00e1rea;<br \/>\n&#8211; Experi\u00eancia de 6 meses na fun\u00e7\u00e3o.<\/p>\n<ul>\n<li>N\u00famero de vagas: 2<\/li>\n<li>Local de trabalho: S\u00e3o Jo\u00e3o de Meriti, RJ<\/li>\n<li>Regime de contrata\u00e7\u00e3o de tipo: Efetivo \u2013 CLT<\/li>\n<li>Jornada: Per\u00edodo Integral<\/li>\n<li>\u00c1rea e especializa\u00e7\u00e3o profissional: Industrial, Produ\u00e7\u00e3o, F\u00e1brica &#8211; Produ\u00e7\u00e3o<\/li>\n<li>N\u00edvel hier\u00e1rquico: Auxiliar<\/li>\n<\/ul>\n<p>Escolaridade M\u00ednima: Ensino Fundamental (1\u00ba grau)<\/p>\n<ul>\n<li>Refei\u00e7\u00e3o no local<\/li>\n<\/ul>\n","protected":false},"excerpt":{"rendered":"<p>Responsabilidade: &#8211; Preparar as pe\u00e7as que ser\u00e3o utilizadas; &#8211; Cortar material e preparar a pe\u00e7as; &#8211; Ajudar a equipe na confec\u00e7\u00e3o das letras; &#8211; Manter a limpeza do ambiente de trabalho; &#8211; Utilizar Epis corretos para a fun\u00e7\u00e3o; Requisito: &#8211; Manuseio de ferramentas voltadas para a \u00e1rea; &#8211; Experi\u00eancia de 6 meses na fun\u00e7\u00e3o. N\u00famero [&hellip;]<\/p>\n","protected":false},"author":1,"featured_media":0,"comment_status":"open","ping_status":"open","sticky":false,"template":"","format":"standard","meta":{"footnotes":""},"categories":[21],"tags":[],"class_list":["post-6885","post","type-post","status-publish","format-standard","hentry","category-rio-de-janeiro-rj"],"_links":{"self":[{"href":"https:\/\/vagas.portalemprego.com.br\/index.php?rest_route=\/wp\/v2\/posts\/6885","targetHints":{"allow":["GET"]}}],"collection":[{"href":"https:\/\/vagas.portalemprego.com.br\/index.php?rest_route=\/wp\/v2\/posts"}],"about":[{"href":"https:\/\/vagas.portalemprego.com.br\/index.php?rest_route=\/wp\/v2\/types\/post"}],"author":[{"embeddable":true,"href":"https:\/\/vagas.portalemprego.com.br\/index.php?rest_route=\/wp\/v2\/users\/1"}],"replies":[{"embeddable":true,"href":"https:\/\/vagas.portalemprego.com.br\/index.php?rest_route=%2Fwp%2Fv2%2Fcomments&post=6885"}],"version-history":[{"count":0,"href":"https:\/\/vagas.portalemprego.com.br\/index.php?rest_route=\/wp\/v2\/posts\/6885\/revisions"}],"wp:attachment":[{"href":"https:\/\/vagas.portalemprego.com.br\/index.php?rest_route=%2Fwp%2Fv2%2Fmedia&parent=6885"}],"wp:term":[{"taxonomy":"category","embeddable":true,"href":"https:\/\/vagas.portalemprego.com.br\/index.php?rest_route=%2Fwp%2Fv2%2Fcategories&post=6885"},{"taxonomy":"post_tag","embeddable":true,"href":"https:\/\/vagas.portalemprego.com.br\/index.php?rest_route=%2Fwp%2Fv2%2Ftags&post=6885"}],"curies":[{"name":"wp","href":"https:\/\/api.w.org\/{rel}","templated":true}]}}