{"id":6886,"date":"2026-04-29T06:20:20","date_gmt":"2026-04-29T09:20:20","guid":{"rendered":"https:\/\/vagas.portalemprego.com.br\/?p=6886"},"modified":"2026-04-29T06:20:20","modified_gmt":"2026-04-29T09:20:20","slug":"atendente-de-cafeteria-alimentacao-gastronomia-rio-de-janeiro-5","status":"publish","type":"post","link":"https:\/\/vagas.portalemprego.com.br\/?p=6886","title":{"rendered":"Atendente de Cafeteria &#8211; Alimenta\u00e7\u00e3o \/ Gastronomia &#8211; Rio de Janeiro"},"content":{"rendered":"<p>N\u00famero de vagas: 3<br \/>\nExperi\u00eancia na \u00e1rea<br \/>\nPresencial<\/p>\n<p>Benef\u00edcios:<\/p>\n<p>\u2013 Vale Transporte<br \/>\n\u2013 Refei\u00e7\u00e3o no Local<br \/>\n\u2013 Conv\u00eanio M\u00e9dico<\/p>\n<p>De segunda a sexta-feira das 07:00 \u00e0s 17:30 (com 01:00 de almo\u00e7o)<\/p>\n<ul>\n<li>Local de trabalho: Rio de Janeiro, RJ<\/li>\n<li>Regime de contrata\u00e7\u00e3o de tipo: Efetivo \u2013 CLT<\/li>\n<li>Jornada: Per\u00edodo Integral<\/li>\n<li>\u00c1rea e especializa\u00e7\u00e3o profissional: Alimenta\u00e7\u00e3o \/ Gastronomia &#8211; Lanchonete, Fast Food, Cafeteria<\/li>\n<li>N\u00edvel hier\u00e1rquico: Assistente<\/li>\n<\/ul>\n<p>VALORIZADO<\/p>\n<p>Tempo de experi\u00eancia: Entre 1 e 3 anos<\/p>\n<p>Escolaridade M\u00ednima: Ensino M\u00e9dio (2\u00ba Grau)<\/p>\n<p>Sal\u00e1rio: 2300,0<\/p>\n","protected":false},"excerpt":{"rendered":"<p>N\u00famero de vagas: 3 Experi\u00eancia na \u00e1rea Presencial Benef\u00edcios: \u2013 Vale Transporte \u2013 Refei\u00e7\u00e3o no Local \u2013 Conv\u00eanio M\u00e9dico De segunda a sexta-feira das 07:00 \u00e0s 17:30 (com 01:00 de almo\u00e7o) Local de trabalho: Rio de Janeiro, RJ Regime de contrata\u00e7\u00e3o de tipo: Efetivo \u2013 CLT Jornada: Per\u00edodo Integral \u00c1rea e especializa\u00e7\u00e3o profissional: Alimenta\u00e7\u00e3o \/ [&hellip;]<\/p>\n","protected":false},"author":1,"featured_media":0,"comment_status":"open","ping_status":"open","sticky":false,"template":"","format":"standard","meta":{"footnotes":""},"categories":[21],"tags":[],"class_list":["post-6886","post","type-post","status-publish","format-standard","hentry","category-rio-de-janeiro-rj"],"_links":{"self":[{"href":"https:\/\/vagas.portalemprego.com.br\/index.php?rest_route=\/wp\/v2\/posts\/6886","targetHints":{"allow":["GET"]}}],"collection":[{"href":"https:\/\/vagas.portalemprego.com.br\/index.php?rest_route=\/wp\/v2\/posts"}],"about":[{"href":"https:\/\/vagas.portalemprego.com.br\/index.php?rest_route=\/wp\/v2\/types\/post"}],"author":[{"embeddable":true,"href":"https:\/\/vagas.portalemprego.com.br\/index.php?rest_route=\/wp\/v2\/users\/1"}],"replies":[{"embeddable":true,"href":"https:\/\/vagas.portalemprego.com.br\/index.php?rest_route=%2Fwp%2Fv2%2Fcomments&post=6886"}],"version-history":[{"count":0,"href":"https:\/\/vagas.portalemprego.com.br\/index.php?rest_route=\/wp\/v2\/posts\/6886\/revisions"}],"wp:attachment":[{"href":"https:\/\/vagas.portalemprego.com.br\/index.php?rest_route=%2Fwp%2Fv2%2Fmedia&parent=6886"}],"wp:term":[{"taxonomy":"category","embeddable":true,"href":"https:\/\/vagas.portalemprego.com.br\/index.php?rest_route=%2Fwp%2Fv2%2Fcategories&post=6886"},{"taxonomy":"post_tag","embeddable":true,"href":"https:\/\/vagas.portalemprego.com.br\/index.php?rest_route=%2Fwp%2Fv2%2Ftags&post=6886"}],"curies":[{"name":"wp","href":"https:\/\/api.w.org\/{rel}","templated":true}]}}