{"id":6888,"date":"2026-04-29T06:20:20","date_gmt":"2026-04-29T09:20:20","guid":{"rendered":"https:\/\/vagas.portalemprego.com.br\/?p=6888"},"modified":"2026-04-29T06:20:20","modified_gmt":"2026-04-29T09:20:20","slug":"conferente-logistica-duque-de-caxias","status":"publish","type":"post","link":"https:\/\/vagas.portalemprego.com.br\/?p=6888","title":{"rendered":"CONFERENTE &#8211; Log\u00edstica &#8211; Duque de Caxias"},"content":{"rendered":"<p>Recepcionar produtos;<br \/>\nConferir produtos e materiais;<br \/>\nRegistrar documentos e lan\u00e7amentos;<br \/>\nAtuar conforme defini\u00e7\u00e3o da Pol\u00edtica do Sistema de Gest\u00e3o Integrada;<br \/>\nAssegurar o atendimento aos objetivos e metas do Sistema de Gest\u00e3o Integrada aplic\u00e1veis \u00e0 \u00e1rea;<br \/>\nRealizar as tarefas conforme definido nos controles operacionais (quando aplicado);<br \/>\nAssegurar que terceiros atuando na sua \u00e1rea atenda aos requisitos do Sistema de Gest\u00e3o Integrada;<br \/>\nSugerir melhorias nas atividades em rela\u00e7\u00e3o ao Sistema de Gest\u00e3o Integrada;<br \/>\nConhecer e atuar conforme definido sobre os aspectos e impactos ambientais significativos da sua \u00e1rea;<br \/>\nAlertar a sua chefia \/ respons\u00e1veis quando observar n\u00e3o conformidades;<br \/>\nTrabalhar de acordo com as normas do Sistema de Gest\u00e3o Integrado (Sa\u00fade, Seguran\u00e7a, Meio Ambiente e Qualidade);<br \/>\nContribuir para o desempenho socioambiental da companhia, atuando de forma colaborativa e participativa em quest\u00f5es relacionadas ao meio ambiente e seguran\u00e7a do trabalho.<\/p>\n<ul>\n<li>N\u00famero de vagas: 4<\/li>\n<li>Local de trabalho: Duque de Caxias, RJ<\/li>\n<li>Regime de contrata\u00e7\u00e3o de tipo: Efetivo \u2013 CLT<\/li>\n<li>Jornada: Per\u00edodo Integral<\/li>\n<li>\u00c1rea e especializa\u00e7\u00e3o profissional: Log\u00edstica &#8211; Estoque, Armazenagem, Dep\u00f3sito<\/li>\n<li>N\u00edvel hier\u00e1rquico: Operacional<\/li>\n<\/ul>\n<p>VALORIZADO<\/p>\n<p>Tempo de experi\u00eancia: Entre 1 e 3 anos<\/p>\n<p>HABILIDADES<\/p>\n<ul>\n<li>Experiencia com WMS<\/li>\n<li>Excel<\/li>\n<li>Experiencia\/Conhecimento em fechamento de linha<\/li>\n<\/ul>\n<p>Escolaridade M\u00ednima: Ensino M\u00e9dio (2\u00ba Grau)<\/p>\n<ul>\n<li>Vale transporte<\/li>\n<li>Total Pass<\/li>\n<li>Plano Odontol\u00f3gico<\/li>\n<li>Plano de Sa\u00fade<\/li>\n<li>Vale alimenta\u00e7\u00e3o<\/li>\n<\/ul>\n<p>Sal\u00e1rio: 2700,0<\/p>\n","protected":false},"excerpt":{"rendered":"<p>Recepcionar produtos; Conferir produtos e materiais; Registrar documentos e lan\u00e7amentos; Atuar conforme defini\u00e7\u00e3o da Pol\u00edtica do Sistema de Gest\u00e3o Integrada; Assegurar o atendimento aos objetivos e metas do Sistema de Gest\u00e3o Integrada aplic\u00e1veis \u00e0 \u00e1rea; Realizar as tarefas conforme definido nos controles operacionais (quando aplicado); Assegurar que terceiros atuando na sua \u00e1rea atenda aos requisitos [&hellip;]<\/p>\n","protected":false},"author":1,"featured_media":0,"comment_status":"open","ping_status":"open","sticky":false,"template":"","format":"standard","meta":{"footnotes":""},"categories":[21],"tags":[],"class_list":["post-6888","post","type-post","status-publish","format-standard","hentry","category-rio-de-janeiro-rj"],"_links":{"self":[{"href":"https:\/\/vagas.portalemprego.com.br\/index.php?rest_route=\/wp\/v2\/posts\/6888","targetHints":{"allow":["GET"]}}],"collection":[{"href":"https:\/\/vagas.portalemprego.com.br\/index.php?rest_route=\/wp\/v2\/posts"}],"about":[{"href":"https:\/\/vagas.portalemprego.com.br\/index.php?rest_route=\/wp\/v2\/types\/post"}],"author":[{"embeddable":true,"href":"https:\/\/vagas.portalemprego.com.br\/index.php?rest_route=\/wp\/v2\/users\/1"}],"replies":[{"embeddable":true,"href":"https:\/\/vagas.portalemprego.com.br\/index.php?rest_route=%2Fwp%2Fv2%2Fcomments&post=6888"}],"version-history":[{"count":0,"href":"https:\/\/vagas.portalemprego.com.br\/index.php?rest_route=\/wp\/v2\/posts\/6888\/revisions"}],"wp:attachment":[{"href":"https:\/\/vagas.portalemprego.com.br\/index.php?rest_route=%2Fwp%2Fv2%2Fmedia&parent=6888"}],"wp:term":[{"taxonomy":"category","embeddable":true,"href":"https:\/\/vagas.portalemprego.com.br\/index.php?rest_route=%2Fwp%2Fv2%2Fcategories&post=6888"},{"taxonomy":"post_tag","embeddable":true,"href":"https:\/\/vagas.portalemprego.com.br\/index.php?rest_route=%2Fwp%2Fv2%2Ftags&post=6888"}],"curies":[{"name":"wp","href":"https:\/\/api.w.org\/{rel}","templated":true}]}}