{"id":6903,"date":"2026-04-29T06:21:21","date_gmt":"2026-04-29T09:21:21","guid":{"rendered":"https:\/\/vagas.portalemprego.com.br\/?p=6903"},"modified":"2026-04-29T06:21:21","modified_gmt":"2026-04-29T09:21:21","slug":"estagiario-de-departamento-pessoal-ilha-do-governador-recursos-humanos-rio-de-janeiro","status":"publish","type":"post","link":"https:\/\/vagas.portalemprego.com.br\/?p=6903","title":{"rendered":"Estagi\u00e1rio de Departamento Pessoal &#8211; Ilha do Governador &#8211; Recursos Humanos &#8211; Rio de Janeiro"},"content":{"rendered":"<p>VAGA DE EST\u00c1GIO DE DEPARTAMENTO PESSOAL &#8211; ILHA DO GOVERNADOR<\/p>\n<p>Regime de contrata\u00e7\u00e3o: Est\u00e1gio Remunerado<\/p>\n<p>Com mais de 15 anos de experi\u00eancia, empresa cont\u00e1bil se destaca pela excel\u00eancia, confian\u00e7a e busca cont\u00ednua por evolu\u00e7\u00e3o no mercado. Sua principal caracter\u00edstica \u00e9 a inova\u00e7\u00e3o na gest\u00e3o cont\u00e1bil, proporcionando solu\u00e7\u00f5es \u00e1geis e precisas com \u00e9tica e transpar\u00eancia para os clientes. Entre seus valores essenciais, destaca-se a valoriza\u00e7\u00e3o dos colaboradores, Confira os pr\u00e9-requisitos e se candidate! <\/p>\n<p>Requisitos:<br \/>\n&#8211; Estar cursando \u00e0 partir do 2\u00ba per\u00edodo da Faculdade de Administra\u00e7\u00e3o, Contabilidade ou Gest\u00e3o de Recursos Humanos;<br \/>\n&#8211; Possuir habilidade intermedi\u00e1ria em Excel;<br \/>\n&#8211; Ter boas habilidades de escrita.<br \/>\n&#8211; Desej\u00e1vel: Ter alguma experi\u00eancia em Departamento Pessoal<\/p>\n<p>Atribui\u00e7\u00f5es:<br \/>\n&#8211; Apoiar o departamento de Administra\u00e7\u00e3o de Pessoas,<br \/>\n&#8211; Auxiliar os processos de admiss\u00e3o e demiss\u00e3o,<br \/>\n&#8211; Colabora\u00e7\u00e3o na elabora\u00e7\u00e3o de contrato de trabalho,<br \/>\n&#8211; Acompanhamento e controle da administra\u00e7\u00e3o do cart\u00e3o de ponto,<br \/>\n&#8211; Suporte na gest\u00e3o da folha de pagamento, encargos, c\u00e1lculo de f\u00e9rias e 13\u00ba sal\u00e1rio.<br \/>\n&#8211; Apoio no preenchimento de formul\u00e1rios espec\u00edficos inerentes \u00e0s atividades das empresas.<br \/>\n&#8211; Dentre outras atividades pertinentes ao cargo.<\/p>\n<p>Jornada: 6 horas di\u00e1rias, hor\u00e1rio \u00e0 definir.<\/p>\n<ul>\n<li>Local de trabalho: Rio de Janeiro, RJ<\/li>\n<li>Regime de contrata\u00e7\u00e3o de tipo: Est\u00e1gio<\/li>\n<li>Jornada: Per\u00edodo Integral<\/li>\n<li>\u00c1rea e especializa\u00e7\u00e3o profissional: Recursos Humanos &#8211; Departamento Pessoal<\/li>\n<li>N\u00edvel hier\u00e1rquico: Estagi\u00e1rio<\/li>\n<\/ul>\n<p>VALORIZADO<\/p>\n<p>Tempo de experi\u00eancia: Entre 1 e 3 anos<\/p>\n<p>HABILIDADES<\/p>\n<ul>\n<li>Microsoft Excel<\/li>\n<li>detalhista<\/li>\n<li>cordial<\/li>\n<li>bom relacionamento interpessoal<\/li>\n<li>proativo<\/li>\n<li>Comprometido<\/li>\n<li>bom-humor<\/li>\n<li>disposto a ajudar e compartilhar<\/li>\n<li>desejo de crescer<\/li>\n<\/ul>\n<p>Escolaridade M\u00ednima: Ensino Superior<\/p>\n<p>Forma\u00e7\u00e3o desejada:<\/p>\n<ul>\n<li>Administra\u00e7\u00e3o de empresas, Ensino Superior<\/li>\n<li>Ci\u00eancias cont\u00e1beis, Ensino Superior<\/li>\n<li>Gest\u00e3o de Recursos Humanos, Ensino Superior<\/li>\n<\/ul>\n<ul>\n<li>Seguro obrigat\u00f3rio<\/li>\n<li>Auxilio transporte<\/li>\n<li>Bolsa est\u00e1gio<\/li>\n<\/ul>\n","protected":false},"excerpt":{"rendered":"<p>VAGA DE EST\u00c1GIO DE DEPARTAMENTO PESSOAL &#8211; ILHA DO GOVERNADOR Regime de contrata\u00e7\u00e3o: Est\u00e1gio Remunerado Com mais de 15 anos de experi\u00eancia, empresa cont\u00e1bil se destaca pela excel\u00eancia, confian\u00e7a e busca cont\u00ednua por evolu\u00e7\u00e3o no mercado. Sua principal caracter\u00edstica \u00e9 a inova\u00e7\u00e3o na gest\u00e3o cont\u00e1bil, proporcionando solu\u00e7\u00f5es \u00e1geis e precisas com \u00e9tica e transpar\u00eancia para [&hellip;]<\/p>\n","protected":false},"author":1,"featured_media":0,"comment_status":"open","ping_status":"open","sticky":false,"template":"","format":"standard","meta":{"footnotes":""},"categories":[21],"tags":[],"class_list":["post-6903","post","type-post","status-publish","format-standard","hentry","category-rio-de-janeiro-rj"],"_links":{"self":[{"href":"https:\/\/vagas.portalemprego.com.br\/index.php?rest_route=\/wp\/v2\/posts\/6903","targetHints":{"allow":["GET"]}}],"collection":[{"href":"https:\/\/vagas.portalemprego.com.br\/index.php?rest_route=\/wp\/v2\/posts"}],"about":[{"href":"https:\/\/vagas.portalemprego.com.br\/index.php?rest_route=\/wp\/v2\/types\/post"}],"author":[{"embeddable":true,"href":"https:\/\/vagas.portalemprego.com.br\/index.php?rest_route=\/wp\/v2\/users\/1"}],"replies":[{"embeddable":true,"href":"https:\/\/vagas.portalemprego.com.br\/index.php?rest_route=%2Fwp%2Fv2%2Fcomments&post=6903"}],"version-history":[{"count":0,"href":"https:\/\/vagas.portalemprego.com.br\/index.php?rest_route=\/wp\/v2\/posts\/6903\/revisions"}],"wp:attachment":[{"href":"https:\/\/vagas.portalemprego.com.br\/index.php?rest_route=%2Fwp%2Fv2%2Fmedia&parent=6903"}],"wp:term":[{"taxonomy":"category","embeddable":true,"href":"https:\/\/vagas.portalemprego.com.br\/index.php?rest_route=%2Fwp%2Fv2%2Fcategories&post=6903"},{"taxonomy":"post_tag","embeddable":true,"href":"https:\/\/vagas.portalemprego.com.br\/index.php?rest_route=%2Fwp%2Fv2%2Ftags&post=6903"}],"curies":[{"name":"wp","href":"https:\/\/api.w.org\/{rel}","templated":true}]}}