{"id":6904,"date":"2026-04-29T06:21:21","date_gmt":"2026-04-29T09:21:21","guid":{"rendered":"https:\/\/vagas.portalemprego.com.br\/?p=6904"},"modified":"2026-04-29T06:21:21","modified_gmt":"2026-04-29T09:21:21","slug":"atendente-de-consultorio-dentes-com-barra-da-tijuca-comercial-vendas-rio-de-janeiro","status":"publish","type":"post","link":"https:\/\/vagas.portalemprego.com.br\/?p=6904","title":{"rendered":"ATENDENTE DE CONSULT\u00d3RIO &#8211; (DENTES.COM) &#8211; BARRA DA TIJUCA &#8211; Comercial, Vendas &#8211; Rio de Janeiro"},"content":{"rendered":"<p>VAGA DE ATENDENTE DE CONSULT\u00d3RIO &#8211; BARRA DA TIJUCA<br \/>\n(DENTES.COM)<\/p>\n<p>Regime de contrata\u00e7\u00e3o: CLT<\/p>\n<p>Cl\u00ednica Odontol\u00f3gica refer\u00eancia no Shopping Uptown, cuja miss\u00e3o \u00e9  transformar vidas atrav\u00e9s de sorrisos. Voc\u00ea \u00e9 comunicativo(a), entusiasmado(a), respons\u00e1vel, organizado(a) e adora trabalhar em equipe? Venha fazer parte desse time que cuida de sorrisos e conquista cora\u00e7\u00f5es. Confira os pr\u00e9-requisitos e se candidate! <\/p>\n<p>Requisitos:<br \/>\n&#8211; Morar na Barra da Tijuca ou adjac\u00eancias;<br \/>\n&#8211; Ensino M\u00e9dio (desej\u00e1vel superior em Marketing);<br \/>\n&#8211; Experi\u00eancia com vendas;<br \/>\n&#8211; Conhecimento em Office;<br \/>\n&#8211; Desej\u00e1vel experi\u00eancia em Marketing e M\u00eddias Sociais.<\/p>\n<p>Atribui\u00e7\u00f5es:<br \/>\n&#8211; Realizar atendimento aos clientes e potenciais clientes atrav\u00e9s das midias sociais, telefone e WhatsApp<br \/>\n&#8211; Recepcionar clientes<br \/>\n&#8211; Agendamento.de clientes<br \/>\n&#8211; Confirma\u00e7\u00e3o da agenda<br \/>\n&#8211; Liga\u00e7\u00e3o para faltantes<br \/>\n&#8211; Follow-up<br \/>\n&#8211; Gerenciamento das midias sociais e vendas.<br \/>\n&#8211; Dentre outras atividades pertinentes ao cargo.<\/p>\n<ul>\n<li>Local de trabalho: Rio de Janeiro, RJ<\/li>\n<li>Regime de contrata\u00e7\u00e3o de tipo: Efetivo \u2013 CLT<\/li>\n<li>Jornada: Per\u00edodo Integral<\/li>\n<li>\u00c1rea e especializa\u00e7\u00e3o profissional: Comercial, Vendas &#8211; Venda Interna<\/li>\n<li>N\u00edvel hier\u00e1rquico: Operacional<\/li>\n<\/ul>\n<p>VALORIZADO<\/p>\n<p>Tempo de experi\u00eancia: Entre 1 e 3 anos<\/p>\n<p>HABILIDADES<\/p>\n<ul>\n<li>organiza\u00e7\u00e3o<\/li>\n<li>proatividade<\/li>\n<li>vendas interna<\/li>\n<li>marketing<\/li>\n<li>vendas<\/li>\n<li>respons\u00e1vel<\/li>\n<li>boa comunica\u00e7\u00e3o<\/li>\n<\/ul>\n<p>Escolaridade M\u00ednima: Ensino M\u00e9dio (2\u00ba Grau)<\/p>\n<ul>\n<li>Vale-transporte<\/li>\n<li>B\u00f4nus por resultado<\/li>\n<li>Assist\u00eancia odontol\u00f3gica<\/li>\n<\/ul>\n","protected":false},"excerpt":{"rendered":"<p>VAGA DE ATENDENTE DE CONSULT\u00d3RIO &#8211; BARRA DA TIJUCA (DENTES.COM) Regime de contrata\u00e7\u00e3o: CLT Cl\u00ednica Odontol\u00f3gica refer\u00eancia no Shopping Uptown, cuja miss\u00e3o \u00e9 transformar vidas atrav\u00e9s de sorrisos. Voc\u00ea \u00e9 comunicativo(a), entusiasmado(a), respons\u00e1vel, organizado(a) e adora trabalhar em equipe? Venha fazer parte desse time que cuida de sorrisos e conquista cora\u00e7\u00f5es. Confira os pr\u00e9-requisitos e [&hellip;]<\/p>\n","protected":false},"author":1,"featured_media":0,"comment_status":"open","ping_status":"open","sticky":false,"template":"","format":"standard","meta":{"footnotes":""},"categories":[21],"tags":[],"class_list":["post-6904","post","type-post","status-publish","format-standard","hentry","category-rio-de-janeiro-rj"],"_links":{"self":[{"href":"https:\/\/vagas.portalemprego.com.br\/index.php?rest_route=\/wp\/v2\/posts\/6904","targetHints":{"allow":["GET"]}}],"collection":[{"href":"https:\/\/vagas.portalemprego.com.br\/index.php?rest_route=\/wp\/v2\/posts"}],"about":[{"href":"https:\/\/vagas.portalemprego.com.br\/index.php?rest_route=\/wp\/v2\/types\/post"}],"author":[{"embeddable":true,"href":"https:\/\/vagas.portalemprego.com.br\/index.php?rest_route=\/wp\/v2\/users\/1"}],"replies":[{"embeddable":true,"href":"https:\/\/vagas.portalemprego.com.br\/index.php?rest_route=%2Fwp%2Fv2%2Fcomments&post=6904"}],"version-history":[{"count":0,"href":"https:\/\/vagas.portalemprego.com.br\/index.php?rest_route=\/wp\/v2\/posts\/6904\/revisions"}],"wp:attachment":[{"href":"https:\/\/vagas.portalemprego.com.br\/index.php?rest_route=%2Fwp%2Fv2%2Fmedia&parent=6904"}],"wp:term":[{"taxonomy":"category","embeddable":true,"href":"https:\/\/vagas.portalemprego.com.br\/index.php?rest_route=%2Fwp%2Fv2%2Fcategories&post=6904"},{"taxonomy":"post_tag","embeddable":true,"href":"https:\/\/vagas.portalemprego.com.br\/index.php?rest_route=%2Fwp%2Fv2%2Ftags&post=6904"}],"curies":[{"name":"wp","href":"https:\/\/api.w.org\/{rel}","templated":true}]}}