{"id":6905,"date":"2026-04-29T06:21:21","date_gmt":"2026-04-29T09:21:21","guid":{"rendered":"https:\/\/vagas.portalemprego.com.br\/?p=6905"},"modified":"2026-04-29T06:21:21","modified_gmt":"2026-04-29T09:21:21","slug":"assistente-de-marketing-marketing-rio-de-janeiro-4","status":"publish","type":"post","link":"https:\/\/vagas.portalemprego.com.br\/?p=6905","title":{"rendered":"Assistente de Marketing &#8211; Marketing &#8211; Rio de Janeiro"},"content":{"rendered":"<p>REQUISITOS:<\/p>\n<p>&#8211; Ser proativo(a);<br \/>\n&#8211; Ser comunicativo(a);<br \/>\n&#8211; Ser entusiasta da m\u00eddia social e de marketing digital;<br \/>\n&#8211; Ensino Superior em Marketing ou Publicidade e propaganda (completo ou cursando);<br \/>\n&#8211; Conhecimento em design gr\u00e1fico;<br \/>\n&#8211; Boa comunica\u00e7\u00e3o;<\/p>\n<p>ATRIBUI\u00c7\u00d5ES:<\/p>\n<p>&#8211; Ir\u00e1 atuar com prospec\u00e7\u00e3o de clientes atrav\u00e9s de m\u00eddias digitais;<br \/>\n&#8211; Manuten\u00e7\u00e3o de sites;<br \/>\n&#8211; Cria\u00e7\u00e3o e acompanhamento de campanhas no google Adwords;<br \/>\n&#8211; Elabora\u00e7\u00e3o de artes; <\/p>\n<p>Desej\u00e1vel conhecimento em:<\/p>\n<p>&#8211; Google ADS;<br \/>\n&#8211; Photoshop;<br \/>\n&#8211; Indesign;<br \/>\n&#8211; Corel;<br \/>\n&#8211; Tr\u00e1fego pago;<\/p>\n<ul>\n<li>Local de trabalho: Rio de Janeiro, RJ<\/li>\n<li>Regime de contrata\u00e7\u00e3o de tipo: Efetivo \u2013 CLT<\/li>\n<li>Jornada: Per\u00edodo Integral<\/li>\n<li>\u00c1rea e especializa\u00e7\u00e3o profissional: Marketing &#8211; Marketing<\/li>\n<li>N\u00edvel hier\u00e1rquico: Assistente<\/li>\n<\/ul>\n<p>VALORIZADO<\/p>\n<p>Tempo de experi\u00eancia: Entre 1 e 3 anos<\/p>\n<p>Escolaridade M\u00ednima: Ensino Superior<\/p>\n<ul>\n<li>Refei\u00e7\u00e3o no local<\/li>\n<li>Vale-transporte<\/li>\n<li>Seguro de Vida<\/li>\n<li>Assist\u00eancia odontol\u00f3gica<\/li>\n<li>Assist\u00eancia m\u00e9dica<\/li>\n<\/ul>\n<p>Sal\u00e1rio: 2571,14<\/p>\n","protected":false},"excerpt":{"rendered":"<p>REQUISITOS: &#8211; Ser proativo(a); &#8211; Ser comunicativo(a); &#8211; Ser entusiasta da m\u00eddia social e de marketing digital; &#8211; Ensino Superior em Marketing ou Publicidade e propaganda (completo ou cursando); &#8211; Conhecimento em design gr\u00e1fico; &#8211; Boa comunica\u00e7\u00e3o; ATRIBUI\u00c7\u00d5ES: &#8211; Ir\u00e1 atuar com prospec\u00e7\u00e3o de clientes atrav\u00e9s de m\u00eddias digitais; &#8211; Manuten\u00e7\u00e3o de sites; &#8211; Cria\u00e7\u00e3o [&hellip;]<\/p>\n","protected":false},"author":1,"featured_media":0,"comment_status":"open","ping_status":"open","sticky":false,"template":"","format":"standard","meta":{"footnotes":""},"categories":[21],"tags":[],"class_list":["post-6905","post","type-post","status-publish","format-standard","hentry","category-rio-de-janeiro-rj"],"_links":{"self":[{"href":"https:\/\/vagas.portalemprego.com.br\/index.php?rest_route=\/wp\/v2\/posts\/6905","targetHints":{"allow":["GET"]}}],"collection":[{"href":"https:\/\/vagas.portalemprego.com.br\/index.php?rest_route=\/wp\/v2\/posts"}],"about":[{"href":"https:\/\/vagas.portalemprego.com.br\/index.php?rest_route=\/wp\/v2\/types\/post"}],"author":[{"embeddable":true,"href":"https:\/\/vagas.portalemprego.com.br\/index.php?rest_route=\/wp\/v2\/users\/1"}],"replies":[{"embeddable":true,"href":"https:\/\/vagas.portalemprego.com.br\/index.php?rest_route=%2Fwp%2Fv2%2Fcomments&post=6905"}],"version-history":[{"count":0,"href":"https:\/\/vagas.portalemprego.com.br\/index.php?rest_route=\/wp\/v2\/posts\/6905\/revisions"}],"wp:attachment":[{"href":"https:\/\/vagas.portalemprego.com.br\/index.php?rest_route=%2Fwp%2Fv2%2Fmedia&parent=6905"}],"wp:term":[{"taxonomy":"category","embeddable":true,"href":"https:\/\/vagas.portalemprego.com.br\/index.php?rest_route=%2Fwp%2Fv2%2Fcategories&post=6905"},{"taxonomy":"post_tag","embeddable":true,"href":"https:\/\/vagas.portalemprego.com.br\/index.php?rest_route=%2Fwp%2Fv2%2Ftags&post=6905"}],"curies":[{"name":"wp","href":"https:\/\/api.w.org\/{rel}","templated":true}]}}