{"id":6907,"date":"2026-04-29T06:21:21","date_gmt":"2026-04-29T09:21:21","guid":{"rendered":"https:\/\/vagas.portalemprego.com.br\/?p=6907"},"modified":"2026-04-29T06:21:21","modified_gmt":"2026-04-29T09:21:21","slug":"auxiliar-de-servicos-gerais-servicos-gerais-rio-de-janeiro-85","status":"publish","type":"post","link":"https:\/\/vagas.portalemprego.com.br\/?p=6907","title":{"rendered":"Auxiliar de Servi\u00e7os Gerais &#8211; Servi\u00e7os Gerais &#8211; Rio de Janeiro"},"content":{"rendered":"<p>Famosa rede de restaurante de alto padr\u00e3o busca ASG para unidades da Zona Sul<\/p>\n<p>Ser\u00e1 respons\u00e1vel por realizar atividades como limpeza de banheiros, sal\u00e3o e \u00e1reas comuns da loja. O profissional tamb\u00e9m deve ser capaz de realizar a coleta de lixo e auxiliar no descarte correto dos res\u00edduos.<\/p>\n<p>Sal\u00e1rio: R$1560,00 + Comiss\u00e3o (m\u00e9dia R$450-500) + VT + Refei\u00e7\u00e3o no local + Plano de Sa\u00fade + Plano Odontol\u00f3gico<\/p>\n<p>Hor\u00e1rio: Tarde\/noite &#8211; escala 6&#215;1<\/p>\n<ul>\n<li>Local de trabalho: Rio de Janeiro, RJ<\/li>\n<li>Regime de contrata\u00e7\u00e3o de tipo: Efetivo \u2013 CLT<\/li>\n<li>Jornada: Per\u00edodo Integral<\/li>\n<li>\u00c1rea e especializa\u00e7\u00e3o profissional: Servi\u00e7os Gerais &#8211; Limpeza<\/li>\n<li>N\u00edvel hier\u00e1rquico: Auxiliar<\/li>\n<\/ul>\n<p>VALORIZADO<\/p>\n<p>Tempo de experi\u00eancia: Entre 1 e 3 anos<\/p>\n<p>Escolaridade M\u00ednima: Ensino Fundamental (1\u00ba grau)<\/p>\n<p>Sal\u00e1rio: 2060,0<\/p>\n","protected":false},"excerpt":{"rendered":"<p>Famosa rede de restaurante de alto padr\u00e3o busca ASG para unidades da Zona Sul Ser\u00e1 respons\u00e1vel por realizar atividades como limpeza de banheiros, sal\u00e3o e \u00e1reas comuns da loja. O profissional tamb\u00e9m deve ser capaz de realizar a coleta de lixo e auxiliar no descarte correto dos res\u00edduos. Sal\u00e1rio: R$1560,00 + Comiss\u00e3o (m\u00e9dia R$450-500) + [&hellip;]<\/p>\n","protected":false},"author":1,"featured_media":0,"comment_status":"open","ping_status":"open","sticky":false,"template":"","format":"standard","meta":{"footnotes":""},"categories":[21],"tags":[],"class_list":["post-6907","post","type-post","status-publish","format-standard","hentry","category-rio-de-janeiro-rj"],"_links":{"self":[{"href":"https:\/\/vagas.portalemprego.com.br\/index.php?rest_route=\/wp\/v2\/posts\/6907","targetHints":{"allow":["GET"]}}],"collection":[{"href":"https:\/\/vagas.portalemprego.com.br\/index.php?rest_route=\/wp\/v2\/posts"}],"about":[{"href":"https:\/\/vagas.portalemprego.com.br\/index.php?rest_route=\/wp\/v2\/types\/post"}],"author":[{"embeddable":true,"href":"https:\/\/vagas.portalemprego.com.br\/index.php?rest_route=\/wp\/v2\/users\/1"}],"replies":[{"embeddable":true,"href":"https:\/\/vagas.portalemprego.com.br\/index.php?rest_route=%2Fwp%2Fv2%2Fcomments&post=6907"}],"version-history":[{"count":0,"href":"https:\/\/vagas.portalemprego.com.br\/index.php?rest_route=\/wp\/v2\/posts\/6907\/revisions"}],"wp:attachment":[{"href":"https:\/\/vagas.portalemprego.com.br\/index.php?rest_route=%2Fwp%2Fv2%2Fmedia&parent=6907"}],"wp:term":[{"taxonomy":"category","embeddable":true,"href":"https:\/\/vagas.portalemprego.com.br\/index.php?rest_route=%2Fwp%2Fv2%2Fcategories&post=6907"},{"taxonomy":"post_tag","embeddable":true,"href":"https:\/\/vagas.portalemprego.com.br\/index.php?rest_route=%2Fwp%2Fv2%2Ftags&post=6907"}],"curies":[{"name":"wp","href":"https:\/\/api.w.org\/{rel}","templated":true}]}}