{"id":6908,"date":"2026-04-29T06:21:21","date_gmt":"2026-04-29T09:21:21","guid":{"rendered":"https:\/\/vagas.portalemprego.com.br\/?p=6908"},"modified":"2026-04-29T06:21:21","modified_gmt":"2026-04-29T09:21:21","slug":"fiscal-de-prevencao-e-perdas-atacadao-seguranca-rio-de-janeiro-2","status":"publish","type":"post","link":"https:\/\/vagas.portalemprego.com.br\/?p=6908","title":{"rendered":"Fiscal de Preven\u00e7\u00e3o e Perdas &#8211; ATACAD\u00c3O &#8211; Seguran\u00e7a &#8211; Rio de Janeiro"},"content":{"rendered":"<p>Trabalhar nas atividades de Preven\u00e7\u00e3o de Perdas e na conserva\u00e7\u00e3o da loja;<br \/>\n Verificar normas de seguran\u00e7a e procedimentos administrativos;<br \/>\nPreparar relat\u00f3rios e fazer o registro de ocorr\u00eancias em loja;<br \/>\nAcompanhar os processos de invent\u00e1rios dos departamentos;<br \/>\nZelar pela integridade f\u00edsica \/patrimonial da empresa e funcion\u00e1rios;<br \/>\nControlar a entrada e sa\u00edda de funcion\u00e1rios, terceiros e clientes;<br \/>\nEtiquetar os produtos de consumo pr\u00f3prio dos funcion\u00e1rios nas \u00e1reas internas de circula\u00e7\u00e3o da loja;<br \/>\nRealizar ronda nas depend\u00eancias da loja;<br \/>\nManter a disciplina na Portaria;<\/p>\n<ul>\n<li>Local de trabalho: Rio de Janeiro, RJ<\/li>\n<li>Regime de contrata\u00e7\u00e3o de tipo: Efetivo \u2013 CLT<\/li>\n<li>Jornada: Per\u00edodo Integral<\/li>\n<li>\u00c1rea e especializa\u00e7\u00e3o profissional: Seguran\u00e7a &#8211; Seguran\u00e7a Patrimonial<\/li>\n<li>N\u00edvel hier\u00e1rquico: Operacional<\/li>\n<\/ul>\n<p>VALORIZADO<\/p>\n<p>Tempo de experi\u00eancia: Entre 1 e 3 anos<\/p>\n<p>Escolaridade M\u00ednima: Ensino M\u00e9dio (2\u00ba Grau)<\/p>\n<ul>\n<li>TotalPass<\/li>\n<li>Vale transporte<\/li>\n<li>Participa\u00e7\u00e3o nos Lucros e Resultados<\/li>\n<li>Estacionamento no local (Para quem n\u00e3o utiliza vale transporte)<\/li>\n<li>Enxoval de Beb\u00ea<\/li>\n<li>Caf\u00e9 da manh\u00e3<\/li>\n<li>Cesta de Natal<\/li>\n<li>Cooperativa de Cr\u00e9dito<\/li>\n<li>Seguro de Vida<\/li>\n<li>Refeit\u00f3rio no local<\/li>\n<li>Assist\u00eancia M\u00e9dica e Odontol\u00f3gica<\/li>\n<\/ul>\n","protected":false},"excerpt":{"rendered":"<p>Trabalhar nas atividades de Preven\u00e7\u00e3o de Perdas e na conserva\u00e7\u00e3o da loja; Verificar normas de seguran\u00e7a e procedimentos administrativos; Preparar relat\u00f3rios e fazer o registro de ocorr\u00eancias em loja; Acompanhar os processos de invent\u00e1rios dos departamentos; Zelar pela integridade f\u00edsica \/patrimonial da empresa e funcion\u00e1rios; Controlar a entrada e sa\u00edda de funcion\u00e1rios, terceiros e clientes; [&hellip;]<\/p>\n","protected":false},"author":1,"featured_media":0,"comment_status":"open","ping_status":"open","sticky":false,"template":"","format":"standard","meta":{"footnotes":""},"categories":[21],"tags":[],"class_list":["post-6908","post","type-post","status-publish","format-standard","hentry","category-rio-de-janeiro-rj"],"_links":{"self":[{"href":"https:\/\/vagas.portalemprego.com.br\/index.php?rest_route=\/wp\/v2\/posts\/6908","targetHints":{"allow":["GET"]}}],"collection":[{"href":"https:\/\/vagas.portalemprego.com.br\/index.php?rest_route=\/wp\/v2\/posts"}],"about":[{"href":"https:\/\/vagas.portalemprego.com.br\/index.php?rest_route=\/wp\/v2\/types\/post"}],"author":[{"embeddable":true,"href":"https:\/\/vagas.portalemprego.com.br\/index.php?rest_route=\/wp\/v2\/users\/1"}],"replies":[{"embeddable":true,"href":"https:\/\/vagas.portalemprego.com.br\/index.php?rest_route=%2Fwp%2Fv2%2Fcomments&post=6908"}],"version-history":[{"count":0,"href":"https:\/\/vagas.portalemprego.com.br\/index.php?rest_route=\/wp\/v2\/posts\/6908\/revisions"}],"wp:attachment":[{"href":"https:\/\/vagas.portalemprego.com.br\/index.php?rest_route=%2Fwp%2Fv2%2Fmedia&parent=6908"}],"wp:term":[{"taxonomy":"category","embeddable":true,"href":"https:\/\/vagas.portalemprego.com.br\/index.php?rest_route=%2Fwp%2Fv2%2Fcategories&post=6908"},{"taxonomy":"post_tag","embeddable":true,"href":"https:\/\/vagas.portalemprego.com.br\/index.php?rest_route=%2Fwp%2Fv2%2Ftags&post=6908"}],"curies":[{"name":"wp","href":"https:\/\/api.w.org\/{rel}","templated":true}]}}