{"id":6913,"date":"2026-04-29T06:21:21","date_gmt":"2026-04-29T09:21:21","guid":{"rendered":"https:\/\/vagas.portalemprego.com.br\/?p=6913"},"modified":"2026-04-29T06:21:21","modified_gmt":"2026-04-29T09:21:21","slug":"vendedor-externo-plano-funerario-administracao-rio-de-janeiro","status":"publish","type":"post","link":"https:\/\/vagas.portalemprego.com.br\/?p=6913","title":{"rendered":"Vendedor Externo &#8211; Plano Funer\u00e1rio &#8211; &#8211; Administra\u00e7\u00e3o &#8211; Rio de Janeiro"},"content":{"rendered":"<p>Vendas porta a porta<\/p>\n<p>Voc\u00ea \u00e9 comunicativo, gosta de trabalhar com metas e quer crescer profissionalmente?<br \/>\nEnt\u00e3o venha fazer parte da nossa equipe!<\/p>\n<p>Atividades:<\/p>\n<p>Prospec\u00e7\u00e3o de novos clientes porta a porta e em pontos estrat\u00e9gicos;<br \/>\nAtendimento e apresenta\u00e7\u00e3o dos servi\u00e7os oferecidos pela empresa;<br \/>\nNegocia\u00e7\u00e3o e fechamento de contratos;<br \/>\nAcompanhamento de clientes ativos e p\u00f3s-venda.<\/p>\n<p>Requisitos:<\/p>\n<p>Experi\u00eancia pr\u00e9via em vendas externas (desej\u00e1vel experi\u00eancia com planos funer\u00e1rios, segmento de cemit\u00e9rios, seguros, planos de sa\u00fade ou cons\u00f3rcios);<br \/>\nBoa comunica\u00e7\u00e3o, postura \u00e9tica e comprometimento com resultados;<br \/>\nEnsino M\u00e9dio completo;<br \/>\nSer\u00e1 um diferencial ter carteira de clientes.<\/p>\n<p>Preferencialmente residir pr\u00f3ximo a regi\u00e3o de Campo Grande. <\/p>\n<p>S\u00d3 ACEITAREMOS CURR\u00cdCULOS COM OS PR\u00c9 REQUISITOS INDICADOS<\/p>\n<ul>\n<li>Local de trabalho: Rio de Janeiro, RJ<\/li>\n<li>Regime de contrata\u00e7\u00e3o de tipo: Efetivo \u2013 CLT<\/li>\n<li>Jornada: Per\u00edodo Integral<\/li>\n<li>\u00c1rea e especializa\u00e7\u00e3o profissional: Administra\u00e7\u00e3o &#8211; Administra\u00e7\u00e3o Geral<\/li>\n<li>N\u00edvel hier\u00e1rquico: Operacional<\/li>\n<\/ul>\n<p>VALORIZADO<\/p>\n<p>Tempo de experi\u00eancia: Entre 1 e 3 anos<\/p>\n<p>Escolaridade M\u00ednima: Ensino M\u00e9dio (2\u00ba Grau)<\/p>\n<ul>\n<li>Vale-refei\u00e7\u00e3o<\/li>\n<li>Vale-alimenta\u00e7\u00e3o<\/li>\n<li>Assist\u00eancia m\u00e9dica<\/li>\n<li>Assist\u00eancia odontol\u00f3gica<\/li>\n<li>wellhub<\/li>\n<li>Vale-transporte<\/li>\n<\/ul>\n","protected":false},"excerpt":{"rendered":"<p>Vendas porta a porta Voc\u00ea \u00e9 comunicativo, gosta de trabalhar com metas e quer crescer profissionalmente? Ent\u00e3o venha fazer parte da nossa equipe! Atividades: Prospec\u00e7\u00e3o de novos clientes porta a porta e em pontos estrat\u00e9gicos; Atendimento e apresenta\u00e7\u00e3o dos servi\u00e7os oferecidos pela empresa; Negocia\u00e7\u00e3o e fechamento de contratos; Acompanhamento de clientes ativos e p\u00f3s-venda. Requisitos: [&hellip;]<\/p>\n","protected":false},"author":1,"featured_media":0,"comment_status":"open","ping_status":"open","sticky":false,"template":"","format":"standard","meta":{"footnotes":""},"categories":[21],"tags":[],"class_list":["post-6913","post","type-post","status-publish","format-standard","hentry","category-rio-de-janeiro-rj"],"_links":{"self":[{"href":"https:\/\/vagas.portalemprego.com.br\/index.php?rest_route=\/wp\/v2\/posts\/6913","targetHints":{"allow":["GET"]}}],"collection":[{"href":"https:\/\/vagas.portalemprego.com.br\/index.php?rest_route=\/wp\/v2\/posts"}],"about":[{"href":"https:\/\/vagas.portalemprego.com.br\/index.php?rest_route=\/wp\/v2\/types\/post"}],"author":[{"embeddable":true,"href":"https:\/\/vagas.portalemprego.com.br\/index.php?rest_route=\/wp\/v2\/users\/1"}],"replies":[{"embeddable":true,"href":"https:\/\/vagas.portalemprego.com.br\/index.php?rest_route=%2Fwp%2Fv2%2Fcomments&post=6913"}],"version-history":[{"count":0,"href":"https:\/\/vagas.portalemprego.com.br\/index.php?rest_route=\/wp\/v2\/posts\/6913\/revisions"}],"wp:attachment":[{"href":"https:\/\/vagas.portalemprego.com.br\/index.php?rest_route=%2Fwp%2Fv2%2Fmedia&parent=6913"}],"wp:term":[{"taxonomy":"category","embeddable":true,"href":"https:\/\/vagas.portalemprego.com.br\/index.php?rest_route=%2Fwp%2Fv2%2Fcategories&post=6913"},{"taxonomy":"post_tag","embeddable":true,"href":"https:\/\/vagas.portalemprego.com.br\/index.php?rest_route=%2Fwp%2Fv2%2Ftags&post=6913"}],"curies":[{"name":"wp","href":"https:\/\/api.w.org\/{rel}","templated":true}]}}