{"id":6916,"date":"2026-04-29T06:22:22","date_gmt":"2026-04-29T09:22:22","guid":{"rendered":"https:\/\/vagas.portalemprego.com.br\/?p=6916"},"modified":"2026-04-29T06:22:22","modified_gmt":"2026-04-29T09:22:22","slug":"recepcionista-oncologia-temporario-barra-da-tijuca-rj-administracao-rio-de-janeiro","status":"publish","type":"post","link":"https:\/\/vagas.portalemprego.com.br\/?p=6916","title":{"rendered":"Recepcionista &#8211; Oncologia (Tempor\u00e1rio) Barra da Tijuca, RJ &#8211; Administra\u00e7\u00e3o &#8211; Rio de Janeiro"},"content":{"rendered":"<p>Empresa do segmento da sa\u00fade contrata para atuar na regi\u00e3o da Barra da Tijuca realizando o atendimento telef\u00f4nico facilitando a comunica\u00e7\u00e3o interna e externa, recebendo ou transmitindo informa\u00e7\u00f5es pertinentes ao atendimento.<br \/>\nConfirmar agenda de consultas junto ao cliente um dia antes de seu agendamento.<br \/>\nAgendar consultas e tratamentos para pacientes em tratamentos oncol\u00f3gicos.<br \/>\nEncaminhar e acompanhar a solicita\u00e7\u00e3o de autoriza\u00e7\u00e3o junto a planos de sa\u00fade.<\/p>\n<p>Perfil esperado \/ requisitos<br \/>\nEnsino m\u00e9dio completo;<br \/>\nViv\u00eancia no setor de Oncologia e agendamento de procedimentos;<br \/>\nDisponibilidade para trabalhar de segunda a sexta-feira das 08h00 \u00e0s 18h00, por\u00e9m quando necess\u00e1rio, atuar\u00e1 aos feriados e s\u00e1bados;<br \/>\nConhecimento em sistema TASY;<\/p>\n<ul>\n<li>Local de trabalho: Rio de Janeiro, RJ<\/li>\n<li>Regime de contrata\u00e7\u00e3o de tipo: Tempor\u00e1rio<\/li>\n<li>Jornada: Per\u00edodo Integral<\/li>\n<li>\u00c1rea e especializa\u00e7\u00e3o profissional: Administra\u00e7\u00e3o &#8211; Recep\u00e7\u00e3o<\/li>\n<li>N\u00edvel hier\u00e1rquico: Auxiliar<\/li>\n<\/ul>\n<p>VALORIZADO<\/p>\n<p>Tempo de experi\u00eancia: Entre 1 e 3 anos<\/p>\n<p>Escolaridade M\u00ednima: Ensino M\u00e9dio (2\u00ba Grau)<\/p>\n<ul>\n<li>VR<\/li>\n<li>VT<\/li>\n<\/ul>\n<p>Sal\u00e1rio: 2655,0<\/p>\n","protected":false},"excerpt":{"rendered":"<p>Empresa do segmento da sa\u00fade contrata para atuar na regi\u00e3o da Barra da Tijuca realizando o atendimento telef\u00f4nico facilitando a comunica\u00e7\u00e3o interna e externa, recebendo ou transmitindo informa\u00e7\u00f5es pertinentes ao atendimento. Confirmar agenda de consultas junto ao cliente um dia antes de seu agendamento. Agendar consultas e tratamentos para pacientes em tratamentos oncol\u00f3gicos. Encaminhar e [&hellip;]<\/p>\n","protected":false},"author":1,"featured_media":0,"comment_status":"open","ping_status":"open","sticky":false,"template":"","format":"standard","meta":{"footnotes":""},"categories":[21],"tags":[],"class_list":["post-6916","post","type-post","status-publish","format-standard","hentry","category-rio-de-janeiro-rj"],"_links":{"self":[{"href":"https:\/\/vagas.portalemprego.com.br\/index.php?rest_route=\/wp\/v2\/posts\/6916","targetHints":{"allow":["GET"]}}],"collection":[{"href":"https:\/\/vagas.portalemprego.com.br\/index.php?rest_route=\/wp\/v2\/posts"}],"about":[{"href":"https:\/\/vagas.portalemprego.com.br\/index.php?rest_route=\/wp\/v2\/types\/post"}],"author":[{"embeddable":true,"href":"https:\/\/vagas.portalemprego.com.br\/index.php?rest_route=\/wp\/v2\/users\/1"}],"replies":[{"embeddable":true,"href":"https:\/\/vagas.portalemprego.com.br\/index.php?rest_route=%2Fwp%2Fv2%2Fcomments&post=6916"}],"version-history":[{"count":0,"href":"https:\/\/vagas.portalemprego.com.br\/index.php?rest_route=\/wp\/v2\/posts\/6916\/revisions"}],"wp:attachment":[{"href":"https:\/\/vagas.portalemprego.com.br\/index.php?rest_route=%2Fwp%2Fv2%2Fmedia&parent=6916"}],"wp:term":[{"taxonomy":"category","embeddable":true,"href":"https:\/\/vagas.portalemprego.com.br\/index.php?rest_route=%2Fwp%2Fv2%2Fcategories&post=6916"},{"taxonomy":"post_tag","embeddable":true,"href":"https:\/\/vagas.portalemprego.com.br\/index.php?rest_route=%2Fwp%2Fv2%2Ftags&post=6916"}],"curies":[{"name":"wp","href":"https:\/\/api.w.org\/{rel}","templated":true}]}}