{"id":6917,"date":"2026-04-29T06:22:22","date_gmt":"2026-04-29T09:22:22","guid":{"rendered":"https:\/\/vagas.portalemprego.com.br\/?p=6917"},"modified":"2026-04-29T06:22:22","modified_gmt":"2026-04-29T09:22:22","slug":"tecnico-de-enfermagem-uti-pediatrica-saude-duque-de-caxias-2","status":"publish","type":"post","link":"https:\/\/vagas.portalemprego.com.br\/?p=6917","title":{"rendered":"T\u00e9cnico de Enfermagem UTI Pedi\u00e1trica &#8211; Sa\u00fade &#8211; Duque de Caxias"},"content":{"rendered":"<p>Contrata\u00e7\u00e3o tempor\u00e1ria de 90 dias com possibilidade de prorroga\u00e7\u00e3o do contrato.<\/p>\n<p>Empresa do segmento da sa\u00fade, com grande representatividade em seu mercado de atua\u00e7\u00e3o, contrata para atuar em um de seus Hospitais, localizado na regi\u00e3o de Duque de Caxias. O profissional ir\u00e1 aplicar t\u00e9cnicas de assist\u00eancia de enfermagem aos pacientes em atendimento na institui\u00e7\u00e3o, utilizando t\u00e9cnicas apropriadas para cada procedimento e trabalhando conforme as boas pr\u00e1ticas, normas e procedimentos de biosseguran\u00e7a e conforme prerrogativas estabelecidas pelo Conselho de Classe, contribuindo com o tratamento e recupera\u00e7\u00e3o do paciente.<\/p>\n<p>Necess\u00e1rio: Curso de T\u00e9cnico de Enfermagem e registro ativo no COREN;<br \/>\nExperi\u00eancia como T\u00e9cnica de Enfermagem no setor de UTI Ped por pelo menos 6 meses;<\/p>\n<p>Sal\u00e1rio: R$2.012,38 + 20% insalubridade  + VT + Refei\u00e7\u00e3o no Local.<\/p>\n<p>Disponibilidade para a escala 12&#215;36 &#8211; 07h00 \u00e0s 19h00.<\/p>\n<ul>\n<li>Local de trabalho: Duque de Caxias, RJ<\/li>\n<li>Regime de contrata\u00e7\u00e3o de tipo: Tempor\u00e1rio<\/li>\n<li>Jornada: Noturno<\/li>\n<li>\u00c1rea e especializa\u00e7\u00e3o profissional: Sa\u00fade &#8211; Enfermagem<\/li>\n<li>N\u00edvel hier\u00e1rquico: Operacional<\/li>\n<\/ul>\n<p>VALORIZADO<\/p>\n<p>Tempo de experi\u00eancia: Entre 1 e 3 anos<\/p>\n<p>HABILIDADES<\/p>\n<ul>\n<li>UTI Pedi\u00e1trica<\/li>\n<li>Enfermagem<\/li>\n<\/ul>\n<p>Escolaridade M\u00ednima: Curso T\u00e9cnico<\/p>\n<ul>\n<li>Refei\u00e7\u00e3o no Local<\/li>\n<li>VT<\/li>\n<\/ul>\n<p>Sal\u00e1rio: 2012,0<\/p>\n","protected":false},"excerpt":{"rendered":"<p>Contrata\u00e7\u00e3o tempor\u00e1ria de 90 dias com possibilidade de prorroga\u00e7\u00e3o do contrato. Empresa do segmento da sa\u00fade, com grande representatividade em seu mercado de atua\u00e7\u00e3o, contrata para atuar em um de seus Hospitais, localizado na regi\u00e3o de Duque de Caxias. O profissional ir\u00e1 aplicar t\u00e9cnicas de assist\u00eancia de enfermagem aos pacientes em atendimento na institui\u00e7\u00e3o, utilizando [&hellip;]<\/p>\n","protected":false},"author":1,"featured_media":0,"comment_status":"open","ping_status":"open","sticky":false,"template":"","format":"standard","meta":{"footnotes":""},"categories":[21],"tags":[],"class_list":["post-6917","post","type-post","status-publish","format-standard","hentry","category-rio-de-janeiro-rj"],"_links":{"self":[{"href":"https:\/\/vagas.portalemprego.com.br\/index.php?rest_route=\/wp\/v2\/posts\/6917","targetHints":{"allow":["GET"]}}],"collection":[{"href":"https:\/\/vagas.portalemprego.com.br\/index.php?rest_route=\/wp\/v2\/posts"}],"about":[{"href":"https:\/\/vagas.portalemprego.com.br\/index.php?rest_route=\/wp\/v2\/types\/post"}],"author":[{"embeddable":true,"href":"https:\/\/vagas.portalemprego.com.br\/index.php?rest_route=\/wp\/v2\/users\/1"}],"replies":[{"embeddable":true,"href":"https:\/\/vagas.portalemprego.com.br\/index.php?rest_route=%2Fwp%2Fv2%2Fcomments&post=6917"}],"version-history":[{"count":0,"href":"https:\/\/vagas.portalemprego.com.br\/index.php?rest_route=\/wp\/v2\/posts\/6917\/revisions"}],"wp:attachment":[{"href":"https:\/\/vagas.portalemprego.com.br\/index.php?rest_route=%2Fwp%2Fv2%2Fmedia&parent=6917"}],"wp:term":[{"taxonomy":"category","embeddable":true,"href":"https:\/\/vagas.portalemprego.com.br\/index.php?rest_route=%2Fwp%2Fv2%2Fcategories&post=6917"},{"taxonomy":"post_tag","embeddable":true,"href":"https:\/\/vagas.portalemprego.com.br\/index.php?rest_route=%2Fwp%2Fv2%2Ftags&post=6917"}],"curies":[{"name":"wp","href":"https:\/\/api.w.org\/{rel}","templated":true}]}}