{"id":6918,"date":"2026-04-29T06:22:22","date_gmt":"2026-04-29T09:22:22","guid":{"rendered":"https:\/\/vagas.portalemprego.com.br\/?p=6918"},"modified":"2026-04-29T06:22:22","modified_gmt":"2026-04-29T09:22:22","slug":"consultor-de-vendas-externas-fit-energia-comercial-vendas-nova-friburgo","status":"publish","type":"post","link":"https:\/\/vagas.portalemprego.com.br\/?p=6918","title":{"rendered":"Consultor de Vendas Externas &#8211; FIT ENERGIA &#8211; Comercial, Vendas &#8211; Nova Friburgo"},"content":{"rendered":"<p>Estimado(a) Candidato(a),<\/p>\n<p>N\u00f3s da Almaviva Experience estamos \u00e0 procura de um Consultor de Vendas Externas para juntar-se \u00e0 nossa equipe em expans\u00e3o.<\/p>\n<p>N\u00f3s oferecemos:<br \/>\n&#8211; Oportunidades de crescimento profissional;<br \/>\n&#8211; Remunera\u00e7\u00e3o vari\u00e1vel agressiva.<br \/>\n&#8211; VT R$16,00 ao dia pago em dinheiro;<br \/>\n&#8211; VR R$21,28 ao dia pago em dinheiro;<br \/>\n&#8211; Gympass (Wellhub)<br \/>\n&#8211; Conv\u00eanio m\u00e9dico (UNIMED Nacional) opcional;<br \/>\n&#8211; Conv\u00eanio odontol\u00f3gico (Bradesco) opcional;<br \/>\n&#8211; Parceria com universidades;<br \/>\n&#8211; Aux\u00edlio Creche.<\/p>\n<p>Escala de trabalho: de segunda \u00e0 sexta, das 9h \u00e0s 18h48.<\/p>\n<p>Se voc\u00ea se identificou com a proposta acima, estamos ansiosos para receber sua candidatura.<\/p>\n<p>Por favor, envie seu curr\u00edculo atualizado para nossa equipe de Recrutamento e Sele\u00e7\u00e3o:<\/p>\n<p>(11) 93903-0774 &#8211; colocar no assunto &#8220;CONSULTOR DE VENDAS EXTERNAs\/NOVA FRIBURGO&#8221;<\/p>\n<p>Aguardamos sua resposta.<\/p>\n<p>Equipe de Recrutamento e Sele\u00e7\u00e3o,<br \/>\nAlmaviva Experience<\/p>\n<ul>\n<li>N\u00famero de vagas: 6<\/li>\n<li>Local de trabalho: Nova Friburgo, RJ<\/li>\n<li>Regime de contrata\u00e7\u00e3o de tipo: Efetivo \u2013 CLT<\/li>\n<li>Jornada: Per\u00edodo Integral<\/li>\n<li>\u00c1rea e especializa\u00e7\u00e3o profissional: Comercial, Vendas &#8211; Venda Externa<\/li>\n<li>N\u00edvel hier\u00e1rquico: Consultor<\/li>\n<\/ul>\n<p>Escolaridade M\u00ednima: Ensino Fundamental (1\u00ba grau)<\/p>\n<p>Sal\u00e1rio: 2700,0<\/p>\n","protected":false},"excerpt":{"rendered":"<p>Estimado(a) Candidato(a), N\u00f3s da Almaviva Experience estamos \u00e0 procura de um Consultor de Vendas Externas para juntar-se \u00e0 nossa equipe em expans\u00e3o. N\u00f3s oferecemos: &#8211; Oportunidades de crescimento profissional; &#8211; Remunera\u00e7\u00e3o vari\u00e1vel agressiva. &#8211; VT R$16,00 ao dia pago em dinheiro; &#8211; VR R$21,28 ao dia pago em dinheiro; &#8211; Gympass (Wellhub) &#8211; Conv\u00eanio m\u00e9dico [&hellip;]<\/p>\n","protected":false},"author":1,"featured_media":0,"comment_status":"open","ping_status":"open","sticky":false,"template":"","format":"standard","meta":{"footnotes":""},"categories":[21],"tags":[],"class_list":["post-6918","post","type-post","status-publish","format-standard","hentry","category-rio-de-janeiro-rj"],"_links":{"self":[{"href":"https:\/\/vagas.portalemprego.com.br\/index.php?rest_route=\/wp\/v2\/posts\/6918","targetHints":{"allow":["GET"]}}],"collection":[{"href":"https:\/\/vagas.portalemprego.com.br\/index.php?rest_route=\/wp\/v2\/posts"}],"about":[{"href":"https:\/\/vagas.portalemprego.com.br\/index.php?rest_route=\/wp\/v2\/types\/post"}],"author":[{"embeddable":true,"href":"https:\/\/vagas.portalemprego.com.br\/index.php?rest_route=\/wp\/v2\/users\/1"}],"replies":[{"embeddable":true,"href":"https:\/\/vagas.portalemprego.com.br\/index.php?rest_route=%2Fwp%2Fv2%2Fcomments&post=6918"}],"version-history":[{"count":0,"href":"https:\/\/vagas.portalemprego.com.br\/index.php?rest_route=\/wp\/v2\/posts\/6918\/revisions"}],"wp:attachment":[{"href":"https:\/\/vagas.portalemprego.com.br\/index.php?rest_route=%2Fwp%2Fv2%2Fmedia&parent=6918"}],"wp:term":[{"taxonomy":"category","embeddable":true,"href":"https:\/\/vagas.portalemprego.com.br\/index.php?rest_route=%2Fwp%2Fv2%2Fcategories&post=6918"},{"taxonomy":"post_tag","embeddable":true,"href":"https:\/\/vagas.portalemprego.com.br\/index.php?rest_route=%2Fwp%2Fv2%2Ftags&post=6918"}],"curies":[{"name":"wp","href":"https:\/\/api.w.org\/{rel}","templated":true}]}}