{"id":6922,"date":"2026-04-29T06:22:22","date_gmt":"2026-04-29T09:22:22","guid":{"rendered":"https:\/\/vagas.portalemprego.com.br\/?p=6922"},"modified":"2026-04-29T06:22:22","modified_gmt":"2026-04-29T09:22:22","slug":"saladeiro-alimentacao-gastronomia-rio-de-janeiro-3","status":"publish","type":"post","link":"https:\/\/vagas.portalemprego.com.br\/?p=6922","title":{"rendered":"Saladeiro &#8211; Alimenta\u00e7\u00e3o \/ Gastronomia &#8211; Rio de Janeiro"},"content":{"rendered":"<p>Lavar, higienizar e cortar legumes e verduras<br \/>\nPreparar molhos, temperos e outras guarni\u00e7\u00f5es<br \/>\nMontar saladas, de acordo com as receitas e decora\u00e7\u00f5es<br \/>\nControlar o estoque de ingredientes e insumos<br \/>\nManter o ambiente de trabalho limpo e organizado<br \/>\nControlar as geladeiras e c\u00e2maras frigor\u00edficas<br \/>\nZelar pela conserva\u00e7\u00e3o dos alimentos estocados<br \/>\nAuxiliar na montagem de pratos<\/p>\n<p> Sal\u00e1rio: R$ 2.865,00 ( J\u00e1 com comiss\u00e3o ) + VT + Plano de Sa\u00fade e Odontologico  ( ap\u00f3s 3 meses ) + Refei\u00e7\u00e3o no local<br \/>\nEscala: 6&#215;1<br \/>\nHor\u00e1rio:  Disponibilidade para fechamento de loja.<\/p>\n<ul>\n<li>Local de trabalho: Rio de Janeiro, RJ<\/li>\n<li>Regime de contrata\u00e7\u00e3o de tipo: Efetivo \u2013 CLT<\/li>\n<li>Jornada: Per\u00edodo Integral<\/li>\n<li>\u00c1rea e especializa\u00e7\u00e3o profissional: Alimenta\u00e7\u00e3o \/ Gastronomia &#8211; Cozinha<\/li>\n<li>N\u00edvel hier\u00e1rquico: Operacional<\/li>\n<\/ul>\n<p>VALORIZADO<\/p>\n<p>Tempo de experi\u00eancia: Entre 1 e 3 anos<\/p>\n<p>Escolaridade M\u00ednima: Ensino M\u00e9dio (2\u00ba Grau)<\/p>\n<p>Sal\u00e1rio: 2865,0<\/p>\n","protected":false},"excerpt":{"rendered":"<p>Lavar, higienizar e cortar legumes e verduras Preparar molhos, temperos e outras guarni\u00e7\u00f5es Montar saladas, de acordo com as receitas e decora\u00e7\u00f5es Controlar o estoque de ingredientes e insumos Manter o ambiente de trabalho limpo e organizado Controlar as geladeiras e c\u00e2maras frigor\u00edficas Zelar pela conserva\u00e7\u00e3o dos alimentos estocados Auxiliar na montagem de pratos Sal\u00e1rio: [&hellip;]<\/p>\n","protected":false},"author":1,"featured_media":0,"comment_status":"open","ping_status":"open","sticky":false,"template":"","format":"standard","meta":{"footnotes":""},"categories":[21],"tags":[],"class_list":["post-6922","post","type-post","status-publish","format-standard","hentry","category-rio-de-janeiro-rj"],"_links":{"self":[{"href":"https:\/\/vagas.portalemprego.com.br\/index.php?rest_route=\/wp\/v2\/posts\/6922","targetHints":{"allow":["GET"]}}],"collection":[{"href":"https:\/\/vagas.portalemprego.com.br\/index.php?rest_route=\/wp\/v2\/posts"}],"about":[{"href":"https:\/\/vagas.portalemprego.com.br\/index.php?rest_route=\/wp\/v2\/types\/post"}],"author":[{"embeddable":true,"href":"https:\/\/vagas.portalemprego.com.br\/index.php?rest_route=\/wp\/v2\/users\/1"}],"replies":[{"embeddable":true,"href":"https:\/\/vagas.portalemprego.com.br\/index.php?rest_route=%2Fwp%2Fv2%2Fcomments&post=6922"}],"version-history":[{"count":0,"href":"https:\/\/vagas.portalemprego.com.br\/index.php?rest_route=\/wp\/v2\/posts\/6922\/revisions"}],"wp:attachment":[{"href":"https:\/\/vagas.portalemprego.com.br\/index.php?rest_route=%2Fwp%2Fv2%2Fmedia&parent=6922"}],"wp:term":[{"taxonomy":"category","embeddable":true,"href":"https:\/\/vagas.portalemprego.com.br\/index.php?rest_route=%2Fwp%2Fv2%2Fcategories&post=6922"},{"taxonomy":"post_tag","embeddable":true,"href":"https:\/\/vagas.portalemprego.com.br\/index.php?rest_route=%2Fwp%2Fv2%2Ftags&post=6922"}],"curies":[{"name":"wp","href":"https:\/\/api.w.org\/{rel}","templated":true}]}}