{"id":6929,"date":"2026-04-29T06:21:21","date_gmt":"2026-04-29T09:21:21","guid":{"rendered":"https:\/\/vagas.portalemprego.com.br\/?p=6929"},"modified":"2026-04-29T06:21:21","modified_gmt":"2026-04-29T09:21:21","slug":"serralheiro-industrial-producao-fabrica-queimados","status":"publish","type":"post","link":"https:\/\/vagas.portalemprego.com.br\/?p=6929","title":{"rendered":"Serralheiro &#8211; Industrial, Produ\u00e7\u00e3o, F\u00e1brica &#8211; Queimados"},"content":{"rendered":"<p>Constr\u00f3i e monta estruturas, arma\u00e7\u00f5es, quadros, portas, grampos, suportes fixadores e outros servi\u00e7os, tendo como material principal, perfis de ferro; durante o desempenho normal de suas fun\u00e7\u00f5es, executa servi\u00e7os gerais de soldagem, tra\u00e7agem, corte com ferramentas manuais e equipamentos mec\u00e2nicos; trabalha com pe\u00e7as e artefatos de ferro perfilado e em chapas; tem conhecimentos de desenho e instrumentos de medi\u00e7\u00e3o, etc.; faz ajustagens, repuxa a frio e a quente, utiliza tesouras autom\u00e1ticas, manuais, ponteadeiras, dobradeiras, ferramentas de forja e de ferreiro; executa trabalhos de perfis diversos trabalhando ferro, lat\u00e3o, a\u00e7o inoxid\u00e1vel e demais materiais met\u00e1licos; executa servi\u00e7os gerais relativos a caldeiraria, montagem e instala\u00e7\u00f5es industriais, rebarbamentos manuais, em esmeris, chicotes, etc.; pode trabalhar com bronze, lat\u00e3o, cobre, ferro e outros metais; quando solicitado, executa soldas em geral: arg\u00f4nio, el\u00e9trica, mig, tig e outras; cuida para que a qualidade dos trabalhos desenvolvidos mantenha-se dentro dos padr\u00f5es definidos e determinados pela empresa;executa tarefas afins.<\/p>\n<ul>\n<li>Local de trabalho: Queimados, RJ<\/li>\n<li>Regime de contrata\u00e7\u00e3o de tipo: Tempor\u00e1rio<\/li>\n<li>Jornada: Per\u00edodo Integral<\/li>\n<li>\u00c1rea e especializa\u00e7\u00e3o profissional: Industrial, Produ\u00e7\u00e3o, F\u00e1brica &#8211; Serralheiria<\/li>\n<li>N\u00edvel hier\u00e1rquico: Operacional<\/li>\n<\/ul>\n<p>VALORIZADO<\/p>\n<p>Tempo de experi\u00eancia: Entre 1 e 3 anos<\/p>\n<p>Escolaridade M\u00ednima: Ensino M\u00e9dio (2\u00ba Grau)<\/p>\n<ul>\n<li>Restaurante na Empresa, Vale Transporte<\/li>\n<\/ul>\n","protected":false},"excerpt":{"rendered":"<p>Constr\u00f3i e monta estruturas, arma\u00e7\u00f5es, quadros, portas, grampos, suportes fixadores e outros servi\u00e7os, tendo como material principal, perfis de ferro; durante o desempenho normal de suas fun\u00e7\u00f5es, executa servi\u00e7os gerais de soldagem, tra\u00e7agem, corte com ferramentas manuais e equipamentos mec\u00e2nicos; trabalha com pe\u00e7as e artefatos de ferro perfilado e em chapas; tem conhecimentos de desenho [&hellip;]<\/p>\n","protected":false},"author":1,"featured_media":0,"comment_status":"open","ping_status":"open","sticky":false,"template":"","format":"standard","meta":{"footnotes":""},"categories":[21],"tags":[],"class_list":["post-6929","post","type-post","status-publish","format-standard","hentry","category-rio-de-janeiro-rj"],"_links":{"self":[{"href":"https:\/\/vagas.portalemprego.com.br\/index.php?rest_route=\/wp\/v2\/posts\/6929","targetHints":{"allow":["GET"]}}],"collection":[{"href":"https:\/\/vagas.portalemprego.com.br\/index.php?rest_route=\/wp\/v2\/posts"}],"about":[{"href":"https:\/\/vagas.portalemprego.com.br\/index.php?rest_route=\/wp\/v2\/types\/post"}],"author":[{"embeddable":true,"href":"https:\/\/vagas.portalemprego.com.br\/index.php?rest_route=\/wp\/v2\/users\/1"}],"replies":[{"embeddable":true,"href":"https:\/\/vagas.portalemprego.com.br\/index.php?rest_route=%2Fwp%2Fv2%2Fcomments&post=6929"}],"version-history":[{"count":0,"href":"https:\/\/vagas.portalemprego.com.br\/index.php?rest_route=\/wp\/v2\/posts\/6929\/revisions"}],"wp:attachment":[{"href":"https:\/\/vagas.portalemprego.com.br\/index.php?rest_route=%2Fwp%2Fv2%2Fmedia&parent=6929"}],"wp:term":[{"taxonomy":"category","embeddable":true,"href":"https:\/\/vagas.portalemprego.com.br\/index.php?rest_route=%2Fwp%2Fv2%2Fcategories&post=6929"},{"taxonomy":"post_tag","embeddable":true,"href":"https:\/\/vagas.portalemprego.com.br\/index.php?rest_route=%2Fwp%2Fv2%2Ftags&post=6929"}],"curies":[{"name":"wp","href":"https:\/\/api.w.org\/{rel}","templated":true}]}}