{"id":6931,"date":"2026-04-29T06:21:21","date_gmt":"2026-04-29T09:21:21","guid":{"rendered":"https:\/\/vagas.portalemprego.com.br\/?p=6931"},"modified":"2026-04-29T06:21:21","modified_gmt":"2026-04-29T09:21:21","slug":"meio-oficial-de-manutencao-predial-construcao-manutencao-arraial-do-cabo","status":"publish","type":"post","link":"https:\/\/vagas.portalemprego.com.br\/?p=6931","title":{"rendered":"Meio Oficial de Manuten\u00e7\u00e3o Predial &#8211; Constru\u00e7\u00e3o, Manuten\u00e7\u00e3o &#8211; Arraial do Cabo"},"content":{"rendered":"<p>Estamos em busca de um Meio Oficial para se juntar ao nosso time din\u00e2mico e comprometido com a excel\u00eancia.<br \/>\nComo Meio Oficial, voc\u00ea ser\u00e1 fundamental na execu\u00e7\u00e3o de projetos importantes, colaborando em tarefas que exigem precis\u00e3o e comprometimento.<\/p>\n<p>Sua responsabilidade principal ser\u00e1 apoiar os trabalhos de n\u00edvel superior, garantindo que todas as atividades sejam conduzidas com alta qualidade e dentro dos prazos estabelecidos.<br \/>\nVoc\u00ea trabalhar\u00e1 em estreita colabora\u00e7\u00e3o com a equipe de engenharia e outros profissionais, contribuindo para o sucesso de nossos projetos.<\/p>\n<p>Para esta posi\u00e7\u00e3o, buscamos algu\u00e9m com experi\u00eancia comprovada em fun\u00e7\u00f5es similares, com habilidades t\u00e9cnicas s\u00f3lidas e uma mentalidade orientada para resultados.<br \/>\n\u00c9 essencial que voc\u00ea demonstre capacidade de trabalhar em equipe, al\u00e9m de possuir uma boa comunica\u00e7\u00e3o e habilidades organizacionais.<\/p>\n<p>Nossa empresa valoriza o crescimento profissional e oferece um ambiente de trabalho que incentiva o desenvolvimento cont\u00ednuo.<br \/>\nVoc\u00ea ter\u00e1 acesso a treinamentos e oportunidades de aprimoramento de habilidades t\u00e9cnicas e gerenciais.<br \/>\nAl\u00e9m disso, oferecemos um pacote de benef\u00edcios competitivo que inclui assist\u00eancia m\u00e9dica, f\u00e9rias remuneradas e um ambiente de trabalho que promove o bem-estar dos nossos colaboradores.<\/p>\n<p>Se voc\u00ea est\u00e1 pronto para desbravar novos desafios e fazer parte de uma equipe inovadora, esta \u00e9 a oportunidade perfeita para voc\u00ea.<br \/>\nJunte-se a n\u00f3s e contribua para o sucesso de projetos que fazem a diferen\u00e7a.<\/p>\n<ul>\n<li>Local de trabalho: Arraial do Cabo, RJ<\/li>\n<li>Regime de contrata\u00e7\u00e3o de tipo: Outros<\/li>\n<li>Jornada: Per\u00edodo Integral<\/li>\n<li>\u00c1rea e especializa\u00e7\u00e3o profissional: Constru\u00e7\u00e3o, Manuten\u00e7\u00e3o &#8211; Manuten\u00e7\u00e3o em Geral<\/li>\n<li>N\u00edvel hier\u00e1rquico: Auxiliar<\/li>\n<\/ul>\n<p>Escolaridade M\u00ednima: Ensino M\u00e9dio (2\u00ba Grau)<\/p>\n<p>Sal\u00e1rio: 1621,0<\/p>\n","protected":false},"excerpt":{"rendered":"<p>Estamos em busca de um Meio Oficial para se juntar ao nosso time din\u00e2mico e comprometido com a excel\u00eancia. Como Meio Oficial, voc\u00ea ser\u00e1 fundamental na execu\u00e7\u00e3o de projetos importantes, colaborando em tarefas que exigem precis\u00e3o e comprometimento. Sua responsabilidade principal ser\u00e1 apoiar os trabalhos de n\u00edvel superior, garantindo que todas as atividades sejam conduzidas [&hellip;]<\/p>\n","protected":false},"author":1,"featured_media":0,"comment_status":"open","ping_status":"open","sticky":false,"template":"","format":"standard","meta":{"footnotes":""},"categories":[21],"tags":[],"class_list":["post-6931","post","type-post","status-publish","format-standard","hentry","category-rio-de-janeiro-rj"],"_links":{"self":[{"href":"https:\/\/vagas.portalemprego.com.br\/index.php?rest_route=\/wp\/v2\/posts\/6931","targetHints":{"allow":["GET"]}}],"collection":[{"href":"https:\/\/vagas.portalemprego.com.br\/index.php?rest_route=\/wp\/v2\/posts"}],"about":[{"href":"https:\/\/vagas.portalemprego.com.br\/index.php?rest_route=\/wp\/v2\/types\/post"}],"author":[{"embeddable":true,"href":"https:\/\/vagas.portalemprego.com.br\/index.php?rest_route=\/wp\/v2\/users\/1"}],"replies":[{"embeddable":true,"href":"https:\/\/vagas.portalemprego.com.br\/index.php?rest_route=%2Fwp%2Fv2%2Fcomments&post=6931"}],"version-history":[{"count":0,"href":"https:\/\/vagas.portalemprego.com.br\/index.php?rest_route=\/wp\/v2\/posts\/6931\/revisions"}],"wp:attachment":[{"href":"https:\/\/vagas.portalemprego.com.br\/index.php?rest_route=%2Fwp%2Fv2%2Fmedia&parent=6931"}],"wp:term":[{"taxonomy":"category","embeddable":true,"href":"https:\/\/vagas.portalemprego.com.br\/index.php?rest_route=%2Fwp%2Fv2%2Fcategories&post=6931"},{"taxonomy":"post_tag","embeddable":true,"href":"https:\/\/vagas.portalemprego.com.br\/index.php?rest_route=%2Fwp%2Fv2%2Ftags&post=6931"}],"curies":[{"name":"wp","href":"https:\/\/api.w.org\/{rel}","templated":true}]}}