{"id":6932,"date":"2026-04-29T06:21:21","date_gmt":"2026-04-29T09:21:21","guid":{"rendered":"https:\/\/vagas.portalemprego.com.br\/?p=6932"},"modified":"2026-04-29T06:21:21","modified_gmt":"2026-04-29T09:21:21","slug":"gerente-de-operacoes-industrial-producao-fabrica-pirai","status":"publish","type":"post","link":"https:\/\/vagas.portalemprego.com.br\/?p=6932","title":{"rendered":"Gerente de Opera\u00e7\u00f5es &#8211; Industrial, Produ\u00e7\u00e3o, F\u00e1brica &#8211; Pira\u00ed"},"content":{"rendered":"<p>Responsabilidades:<br \/>\nDesenvolver e implementar estrat\u00e9gias operacionais alinhadas aos objetivos da empresa.<br \/>\nSupervisionar todas as opera\u00e7\u00f5es di\u00e1rias, garantindo efici\u00eancia e cumprimento dos prazos.<br \/>\nGerenciar e liderar equipes de opera\u00e7\u00f5es, promovendo um ambiente de alto desempenho.<br \/>\nAnalisar e melhorar processos operacionais para maximizar a produtividade e reduzir custos.<br \/>\nMonitorar e avaliar KPIs (indicadores chave de desempenho), elaborando relat\u00f3rios detalhados para a alta administra\u00e7\u00e3o.<br \/>\nGarantir a conformidade com as pol\u00edticas internas e regulamentos externos.<br \/>\nIdentificar oportunidades de melhoria cont\u00ednua e liderar iniciativas de mudan\u00e7a.<br \/>\nColaborar com outras \u00e1reas da empresa para garantir uma opera\u00e7\u00e3o integrada e eficiente.<\/p>\n<p>Requisitos:<br \/>\nPacote Office avan\u00e7ado<br \/>\nGradua\u00e7\u00e3o em Administra\u00e7\u00e3o, Engenharia de Produ\u00e7\u00e3o, Log\u00edstica ou \u00e1reas correlatas; MBA ou p\u00f3s-gradua\u00e7\u00e3o \u00e9 um diferencial.<br \/>\nExperi\u00eancia comprovada como Gerente de Opera\u00e7\u00f5es ou em um cargo similar.<br \/>\nExcelentes habilidades de lideran\u00e7a e gest\u00e3o de equipes.<br \/>\nForte capacidade anal\u00edtica e de resolu\u00e7\u00e3o de problemas.<br \/>\nExcelente comunica\u00e7\u00e3o e habilidades interpessoais.<br \/>\nExperi\u00eancia com metodologias de melhoria cont\u00ednua (Lean, Six Sigma) \u00e9 altamente desej\u00e1vel.<\/p>\n<ul>\n<li>Local de trabalho: Pira\u00ed, RJ<\/li>\n<li>Regime de contrata\u00e7\u00e3o de tipo: Efetivo \u2013 CLT<\/li>\n<li>Jornada: Per\u00edodo Integral<\/li>\n<li>\u00c1rea e especializa\u00e7\u00e3o profissional: Industrial, Produ\u00e7\u00e3o, F\u00e1brica &#8211; Produ\u00e7\u00e3o<\/li>\n<li>N\u00edvel hier\u00e1rquico: Gerente<\/li>\n<\/ul>\n<p>VALORIZADO<\/p>\n<p>Tempo de experi\u00eancia: Entre 3 e 5 anos<\/p>\n<p>Escolaridade M\u00ednima: Ensino Superior<\/p>\n<p>Habilita\u00e7\u00e3o para dirigir: B<\/p>\n<ul>\n<li>Plano de sa\u00fade<\/li>\n<li>Conv\u00eanio com Universidades<\/li>\n<li>Conv\u00eanio SESC<\/li>\n<li>Alimenta\u00e7\u00e3o no local<\/li>\n<li>Vale transporte<\/li>\n<li>Cesta b\u00e1sica<\/li>\n<\/ul>\n","protected":false},"excerpt":{"rendered":"<p>Responsabilidades: Desenvolver e implementar estrat\u00e9gias operacionais alinhadas aos objetivos da empresa. Supervisionar todas as opera\u00e7\u00f5es di\u00e1rias, garantindo efici\u00eancia e cumprimento dos prazos. Gerenciar e liderar equipes de opera\u00e7\u00f5es, promovendo um ambiente de alto desempenho. Analisar e melhorar processos operacionais para maximizar a produtividade e reduzir custos. Monitorar e avaliar KPIs (indicadores chave de desempenho), elaborando [&hellip;]<\/p>\n","protected":false},"author":1,"featured_media":0,"comment_status":"open","ping_status":"open","sticky":false,"template":"","format":"standard","meta":{"footnotes":""},"categories":[21],"tags":[],"class_list":["post-6932","post","type-post","status-publish","format-standard","hentry","category-rio-de-janeiro-rj"],"_links":{"self":[{"href":"https:\/\/vagas.portalemprego.com.br\/index.php?rest_route=\/wp\/v2\/posts\/6932","targetHints":{"allow":["GET"]}}],"collection":[{"href":"https:\/\/vagas.portalemprego.com.br\/index.php?rest_route=\/wp\/v2\/posts"}],"about":[{"href":"https:\/\/vagas.portalemprego.com.br\/index.php?rest_route=\/wp\/v2\/types\/post"}],"author":[{"embeddable":true,"href":"https:\/\/vagas.portalemprego.com.br\/index.php?rest_route=\/wp\/v2\/users\/1"}],"replies":[{"embeddable":true,"href":"https:\/\/vagas.portalemprego.com.br\/index.php?rest_route=%2Fwp%2Fv2%2Fcomments&post=6932"}],"version-history":[{"count":0,"href":"https:\/\/vagas.portalemprego.com.br\/index.php?rest_route=\/wp\/v2\/posts\/6932\/revisions"}],"wp:attachment":[{"href":"https:\/\/vagas.portalemprego.com.br\/index.php?rest_route=%2Fwp%2Fv2%2Fmedia&parent=6932"}],"wp:term":[{"taxonomy":"category","embeddable":true,"href":"https:\/\/vagas.portalemprego.com.br\/index.php?rest_route=%2Fwp%2Fv2%2Fcategories&post=6932"},{"taxonomy":"post_tag","embeddable":true,"href":"https:\/\/vagas.portalemprego.com.br\/index.php?rest_route=%2Fwp%2Fv2%2Ftags&post=6932"}],"curies":[{"name":"wp","href":"https:\/\/api.w.org\/{rel}","templated":true}]}}