{"id":6941,"date":"2026-04-29T06:21:21","date_gmt":"2026-04-29T09:21:21","guid":{"rendered":"https:\/\/vagas.portalemprego.com.br\/?p=6941"},"modified":"2026-04-29T06:21:21","modified_gmt":"2026-04-29T09:21:21","slug":"auxiliar-administrativo-pcd-banco-de-talentos-administracao-rio-de-janeiro","status":"publish","type":"post","link":"https:\/\/vagas.portalemprego.com.br\/?p=6941","title":{"rendered":"Auxiliar Administrativo PCD &#8211; Banco de Talentos &#8211; Administra\u00e7\u00e3o &#8211; Rio de Janeiro"},"content":{"rendered":"<p>Respons\u00e1vel por recepcionar o cliente, realizando seu cadastro e orienta\u00e7\u00f5es quanto ao local.<br \/>\n\u2022\tReceber e atender ao cliente de forma cort\u00eas e educada;<br \/>\n\u2022\tRealizar diariamente o cadastro e admiss\u00e3o para acesso dos pacientes e visitantes, seguindo as normas e procedimentos definidos;<br \/>\n\u2022\tReceber \u00d3rg\u00e3os fiscalizador, assim como outros funcion\u00e1rios do poder p\u00fablico, seguindo conforme rotina;<br \/>\n\u2022\tEntregar e auxiliar ao paciente no preenchimento de termos e documentos necess\u00e1rios para sua admiss\u00e3o e o acompanhando quando houver necessidade;<br \/>\n\u2022\tEntregar pager aos pacientes;<br \/>\n\u2022\tGarantir e zelar pela organiza\u00e7\u00e3o do local de trabalho e abastecimento de insumos necess\u00e1rios de uso di\u00e1rio;<br \/>\n\u2022\tRealizar o recebimento de entregas e\/ou correspond\u00eancias e garantir o direcionamento e registro correto;<br \/>\n\u2022\tEntregar mascara aos pacientes, visitantes e m\u00e9dicos quando seu uso estiver em vigor na institui\u00e7\u00e3o;<br \/>\n\u2022\tNo caso da recep\u00e7\u00e3o do centro cir\u00fargico, realizar a entrega das vestimentas aos m\u00e9dicos e visitante de acordo com o tamanho solicitado e tipo conforme rotina definida;<br \/>\n\u2022\tRealizar o lan\u00e7amento das comandas de acompanhante e refei\u00e7\u00e3o no atendimento do paciente internado, conforme rotina definida;<br \/>\n\u2022\tGarantir a limpeza e arruma\u00e7\u00e3o do seu local de trabalho e no caso da recep\u00e7\u00e3o do centro cir\u00fargico dos vesti\u00e1rios masculinos e femininos, inclusive realizando o descarte correto dos pijamas j\u00e1 utilizados;<\/p>\n<ul>\n<li>Local de trabalho: Rio de Janeiro, RJ<\/li>\n<li>Regime de contrata\u00e7\u00e3o de tipo: Efetivo \u2013 CLT<\/li>\n<li>Jornada: Per\u00edodo Integral<\/li>\n<li>\u00c1rea e especializa\u00e7\u00e3o profissional: Administra\u00e7\u00e3o &#8211; Administra\u00e7\u00e3o Geral<\/li>\n<li>N\u00edvel hier\u00e1rquico: Operacional<\/li>\n<\/ul>\n<p>Escolaridade M\u00ednima: Ensino M\u00e9dio (2\u00ba Grau)<\/p>\n<ul>\n<li>convenio com farmacia<\/li>\n<li>VA<\/li>\n<li>Assist\u00eancia m\u00e9dica<\/li>\n<li>Assist\u00eancia odontol\u00f3gica<\/li>\n<li>Seguro de Vida<\/li>\n<li>gympass<\/li>\n<li>VT<\/li>\n<\/ul>\n","protected":false},"excerpt":{"rendered":"<p>Respons\u00e1vel por recepcionar o cliente, realizando seu cadastro e orienta\u00e7\u00f5es quanto ao local. \u2022 Receber e atender ao cliente de forma cort\u00eas e educada; \u2022 Realizar diariamente o cadastro e admiss\u00e3o para acesso dos pacientes e visitantes, seguindo as normas e procedimentos definidos; \u2022 Receber \u00d3rg\u00e3os fiscalizador, assim como outros funcion\u00e1rios do poder p\u00fablico, seguindo [&hellip;]<\/p>\n","protected":false},"author":1,"featured_media":0,"comment_status":"open","ping_status":"open","sticky":false,"template":"","format":"standard","meta":{"footnotes":""},"categories":[21],"tags":[],"class_list":["post-6941","post","type-post","status-publish","format-standard","hentry","category-rio-de-janeiro-rj"],"_links":{"self":[{"href":"https:\/\/vagas.portalemprego.com.br\/index.php?rest_route=\/wp\/v2\/posts\/6941","targetHints":{"allow":["GET"]}}],"collection":[{"href":"https:\/\/vagas.portalemprego.com.br\/index.php?rest_route=\/wp\/v2\/posts"}],"about":[{"href":"https:\/\/vagas.portalemprego.com.br\/index.php?rest_route=\/wp\/v2\/types\/post"}],"author":[{"embeddable":true,"href":"https:\/\/vagas.portalemprego.com.br\/index.php?rest_route=\/wp\/v2\/users\/1"}],"replies":[{"embeddable":true,"href":"https:\/\/vagas.portalemprego.com.br\/index.php?rest_route=%2Fwp%2Fv2%2Fcomments&post=6941"}],"version-history":[{"count":0,"href":"https:\/\/vagas.portalemprego.com.br\/index.php?rest_route=\/wp\/v2\/posts\/6941\/revisions"}],"wp:attachment":[{"href":"https:\/\/vagas.portalemprego.com.br\/index.php?rest_route=%2Fwp%2Fv2%2Fmedia&parent=6941"}],"wp:term":[{"taxonomy":"category","embeddable":true,"href":"https:\/\/vagas.portalemprego.com.br\/index.php?rest_route=%2Fwp%2Fv2%2Fcategories&post=6941"},{"taxonomy":"post_tag","embeddable":true,"href":"https:\/\/vagas.portalemprego.com.br\/index.php?rest_route=%2Fwp%2Fv2%2Ftags&post=6941"}],"curies":[{"name":"wp","href":"https:\/\/api.w.org\/{rel}","templated":true}]}}