{"id":6943,"date":"2026-04-29T06:21:21","date_gmt":"2026-04-29T09:21:21","guid":{"rendered":"https:\/\/vagas.portalemprego.com.br\/?p=6943"},"modified":"2026-04-29T06:21:21","modified_gmt":"2026-04-29T09:21:21","slug":"recepcionista-hospitalar-pcd-administracao-duque-de-caxias","status":"publish","type":"post","link":"https:\/\/vagas.portalemprego.com.br\/?p=6943","title":{"rendered":"Recepcionista Hospitalar (PCD) &#8211; Administra\u00e7\u00e3o &#8211; Duque de Caxias"},"content":{"rendered":"<p>A hora de fazer parte de um time comprometido, acolhedor e que leva sa\u00fade para milh\u00f5es de pessoas \u00e9 agora!<br \/>\nEstamos na busca de profissionais para compor a nossa equipe!<br \/>\nSe voc\u00ea \u00e9 comprometido(a) e apaixonado(a) por novos desafios, aqui \u00e9 o seu lugar!<\/p>\n<p>Fa\u00e7a seu cadastro e envie seu curr\u00edculo!<\/p>\n<p>Responsabilidades e atribui\u00e7\u00f5es<br \/>\nEfetuar a localiza\u00e7\u00e3o de agendamentos e confirmar consultas; Emitir guias no sistema, para realiza\u00e7\u00e3o dos exames nos prestadores de servi\u00e7os que n\u00e3o possuem autorizador; Orientar os benefici\u00e1rios, quanto a d\u00favidas e demais esclarecimentos a respeito de prestadores, agendamentos etc.; Preencher os impressos necess\u00e1rios para o atendimento m\u00e9dico e realizar a separa\u00e7\u00e3o dos formul\u00e1rios para tais atendimentos; Realizar cadastramento da biometria de benefici\u00e1rios no sistema, para realiza\u00e7\u00e3o da elegibilidade nos pr\u00f3ximos atendimentos; Inserir dados no documento TISS &#8211; Troca de Informa\u00e7\u00f5es na Sa\u00fade Suplementar; Requisitar autoriza\u00e7\u00f5es, atrav\u00e9s do telefone e\/ou portal de atendimento das outras operadoras, quando necess\u00e1rio; Efetuar abertura de fichas de outros conv\u00eanios no sistema, para posterior faturamento; Encaminhar os pedidos de exames\/procedimentos que necessitam passar por auditoria m\u00e9dica; Montar pastas m\u00e9dicas, separando os formul\u00e1rios necess\u00e1rios para o atendimento m\u00e9dico; Efetuar o fechamento da estat\u00edstica de consultas e exames e digitar no sistema, as quantidades de exames e atestados requisitados\/emitidos pelo m\u00e9dico; Manter arquivos (retirar, organizar e arquivar os prontu\u00e1rios m\u00e9dicos); Controlar as devolu\u00e7\u00f5es dos prontu\u00e1rios p\u00f3s-atendimento; Realizar o remanejamento de consultas, contatando os pacientes para remarca\u00e7\u00e3o das consultas nos casos em que h\u00e1 faltas m\u00e9dicas; Executar outras atividades correlatas a crit\u00e9rio do superior.<\/p>\n<p>Requisitos e qualifica\u00e7\u00f5es<\/p>\n<p>&#8211; Ensino M\u00e9dio completo <\/p>\n<p>Informa\u00e7\u00f5es adicionais<\/p>\n<p>&#8211; Carga hor\u00e1ria: 07:00 12:00 13:00 19:00 (12&#215;36)<br \/>\n&#8211; Unidade: Hospital do cora\u00e7\u00e3o\/ Duque de caxias &#8211; RJ<\/p>\n<p>O que oferecemos?<\/p>\n<p>&#8211; Plano de Sa\u00fade;<br \/>\n&#8211; Plano Odontol\u00f3gico;<br \/>\n&#8211; Vale Alimenta\u00e7\u00e3o;<br \/>\n&#8211; Vale Transporte;<br \/>\n&#8211; Seguro de Vida;<br \/>\n&#8211; Parceria e descontos com Institui\u00e7\u00f5es de Ensino;<br \/>\n&#8211; TotalPass (parceria com academias);<br \/>\n&#8211; Oportunidades de crescimento.<\/p>\n<p>Se voc\u00ea \u00e9 uma pessoa dedicada e busca um ambiente de trabalho que valoriza o seu desenvolvimento, envie seu curr\u00edculo e venha fazer a diferen\u00e7a conosco!<\/p>\n<p>Junte-se a n\u00f3s!<\/p>\n<ul>\n<li>Local de trabalho: Duque de Caxias, RJ<\/li>\n<li>Regime de contrata\u00e7\u00e3o de tipo: Efetivo \u2013 CLT<\/li>\n<li>Jornada: Per\u00edodo Integral<\/li>\n<li>\u00c1rea e especializa\u00e7\u00e3o profissional: Administra\u00e7\u00e3o &#8211; Recep\u00e7\u00e3o<\/li>\n<li>N\u00edvel hier\u00e1rquico: Operacional<\/li>\n<\/ul>\n<p>VALORIZADO<\/p>\n<p>Tempo de experi\u00eancia: Menos de 1 ano<\/p>\n<p>Escolaridade M\u00ednima: Ensino M\u00e9dio (2\u00ba Grau)<\/p>\n<p>Forma\u00e7\u00e3o desejada:<\/p>\n<ul>\n<li>Ensino M\u00e9dio (2\u00ba Grau)<\/li>\n<\/ul>\n<ul>\n<li>Assist\u00eancia M\u00e9dica<\/li>\n<li>Aux\u00edlio Creche<\/li>\n<li>Vale Transporte<\/li>\n<li>Conv\u00eanio com Farm\u00e1cia<\/li>\n<li>Assist\u00eancia Odontol\u00f3gica<\/li>\n<li>Seguro de Vida<\/li>\n<li>Vale Alimenta\u00e7\u00e3o<\/li>\n<li>Totalpass<\/li>\n<\/ul>\n","protected":false},"excerpt":{"rendered":"<p>A hora de fazer parte de um time comprometido, acolhedor e que leva sa\u00fade para milh\u00f5es de pessoas \u00e9 agora! Estamos na busca de profissionais para compor a nossa equipe! Se voc\u00ea \u00e9 comprometido(a) e apaixonado(a) por novos desafios, aqui \u00e9 o seu lugar! Fa\u00e7a seu cadastro e envie seu curr\u00edculo! Responsabilidades e atribui\u00e7\u00f5es Efetuar [&hellip;]<\/p>\n","protected":false},"author":1,"featured_media":0,"comment_status":"open","ping_status":"open","sticky":false,"template":"","format":"standard","meta":{"footnotes":""},"categories":[21],"tags":[],"class_list":["post-6943","post","type-post","status-publish","format-standard","hentry","category-rio-de-janeiro-rj"],"_links":{"self":[{"href":"https:\/\/vagas.portalemprego.com.br\/index.php?rest_route=\/wp\/v2\/posts\/6943","targetHints":{"allow":["GET"]}}],"collection":[{"href":"https:\/\/vagas.portalemprego.com.br\/index.php?rest_route=\/wp\/v2\/posts"}],"about":[{"href":"https:\/\/vagas.portalemprego.com.br\/index.php?rest_route=\/wp\/v2\/types\/post"}],"author":[{"embeddable":true,"href":"https:\/\/vagas.portalemprego.com.br\/index.php?rest_route=\/wp\/v2\/users\/1"}],"replies":[{"embeddable":true,"href":"https:\/\/vagas.portalemprego.com.br\/index.php?rest_route=%2Fwp%2Fv2%2Fcomments&post=6943"}],"version-history":[{"count":0,"href":"https:\/\/vagas.portalemprego.com.br\/index.php?rest_route=\/wp\/v2\/posts\/6943\/revisions"}],"wp:attachment":[{"href":"https:\/\/vagas.portalemprego.com.br\/index.php?rest_route=%2Fwp%2Fv2%2Fmedia&parent=6943"}],"wp:term":[{"taxonomy":"category","embeddable":true,"href":"https:\/\/vagas.portalemprego.com.br\/index.php?rest_route=%2Fwp%2Fv2%2Fcategories&post=6943"},{"taxonomy":"post_tag","embeddable":true,"href":"https:\/\/vagas.portalemprego.com.br\/index.php?rest_route=%2Fwp%2Fv2%2Ftags&post=6943"}],"curies":[{"name":"wp","href":"https:\/\/api.w.org\/{rel}","templated":true}]}}