{"id":6945,"date":"2026-04-29T06:22:22","date_gmt":"2026-04-29T09:22:22","guid":{"rendered":"https:\/\/vagas.portalemprego.com.br\/?p=6945"},"modified":"2026-04-29T06:22:22","modified_gmt":"2026-04-29T09:22:22","slug":"auxiliar-de-rouparia-servicos-gerais-rio-de-janeiro-3","status":"publish","type":"post","link":"https:\/\/vagas.portalemprego.com.br\/?p=6945","title":{"rendered":"Auxiliar de Rouparia &#8211; Servi\u00e7os Gerais &#8211; Rio de Janeiro"},"content":{"rendered":"<p>A hora de fazer parte de um time comprometido, acolhedor e que leva sa\u00fade para milh\u00f5es de pessoas, \u00e9 agora!<\/p>\n<p>Estamos na busca de profissionais para compor a nossa equipe!<\/p>\n<p>Se voc\u00ea \u00e9 comprometido(a) e apaixonado(a) por novos desafios, aqui \u00e9 o seu lugar!<br \/>\nFa\u00e7a seu cadastro e envie seu curr\u00edculo!<\/p>\n<p>Receber o enxoval que passou pelo processo de limpeza e higieniza\u00e7\u00e3o obedecendo a crit\u00e9rios e hor\u00e1rios previamente definidos em contrato, visando detectar eventuais problemas no procedimento de lavagem;<br \/>\nAcondicionar o enxoval nas prateleiras pr\u00e9-determinadas, identificadas e separadas por itens, bem como revisar arm\u00e1rios e carrinhos de roupas nas unidades;<br \/>\nRealizar a entrega dos enxovais nos andares da unidade, conforme quantidades pr\u00e9- determinadas, de acordo com consumo m\u00e9dio; Solicitar a desinfec\u00e7\u00e3o da \u00e1rea ap\u00f3s cada opera\u00e7\u00e3o, bem como efetuar, periodicamente, a limpeza da Central de Rouparia, envolvendo prateleiras, carros de distribui\u00e7\u00e3o e mobili\u00e1rio;<br \/>\nConferir qualidade do servi\u00e7o da Lavanderia, avaliando: lavagem, perdas, rasgos, manchas, sujidade, atrasos e volume de pe\u00e7as, comunicando qualquer anormalidade \u00e0 chefia imediata; Relatar os eventuais desvios pertinentes ao uso incorreto do enxoval do hospital pelas unidades respons\u00e1veis, visando o controle da qualidade e a oferta de pe\u00e7as dentro dos padr\u00f5es definidos;<br \/>\nAuxiliar o supervisor administrativo, atrav\u00e9s da coleta de dados estat\u00edsticos para a elabora\u00e7\u00e3o de indicadores de qualidade e desempenho das atividades da lavanderia;<br \/>\nExecutar outras atividades correlatas a crit\u00e9rio do superior.<\/p>\n<ul>\n<li>Local de trabalho: Rio de Janeiro, RJ<\/li>\n<li>Regime de contrata\u00e7\u00e3o de tipo: Efetivo \u2013 CLT<\/li>\n<li>Jornada: Per\u00edodo Integral<\/li>\n<li>\u00c1rea e especializa\u00e7\u00e3o profissional: Servi\u00e7os Gerais &#8211; Lavanderia<\/li>\n<li>N\u00edvel hier\u00e1rquico: Auxiliar<\/li>\n<\/ul>\n<p>VALORIZADO<\/p>\n<p>Tempo de experi\u00eancia: Menos de 1 ano<\/p>\n<p>Escolaridade M\u00ednima: Ensino Fundamental (1\u00ba grau)<\/p>\n<ul>\n<li>Aux\u00edlio Creche<\/li>\n<li>Vale Transporte<\/li>\n<li>Conv\u00eanio com Farm\u00e1cia<\/li>\n<li>Assist\u00eancia Odontol\u00f3gica<\/li>\n<li>Assist\u00eancia M\u00e9dica<\/li>\n<li>Vale Alimenta\u00e7\u00e3o<\/li>\n<li>Totalpass<\/li>\n<li>Seguro de Vida<\/li>\n<\/ul>\n","protected":false},"excerpt":{"rendered":"<p>A hora de fazer parte de um time comprometido, acolhedor e que leva sa\u00fade para milh\u00f5es de pessoas, \u00e9 agora! Estamos na busca de profissionais para compor a nossa equipe! Se voc\u00ea \u00e9 comprometido(a) e apaixonado(a) por novos desafios, aqui \u00e9 o seu lugar! Fa\u00e7a seu cadastro e envie seu curr\u00edculo! Receber o enxoval que [&hellip;]<\/p>\n","protected":false},"author":1,"featured_media":0,"comment_status":"open","ping_status":"open","sticky":false,"template":"","format":"standard","meta":{"footnotes":""},"categories":[21],"tags":[],"class_list":["post-6945","post","type-post","status-publish","format-standard","hentry","category-rio-de-janeiro-rj"],"_links":{"self":[{"href":"https:\/\/vagas.portalemprego.com.br\/index.php?rest_route=\/wp\/v2\/posts\/6945","targetHints":{"allow":["GET"]}}],"collection":[{"href":"https:\/\/vagas.portalemprego.com.br\/index.php?rest_route=\/wp\/v2\/posts"}],"about":[{"href":"https:\/\/vagas.portalemprego.com.br\/index.php?rest_route=\/wp\/v2\/types\/post"}],"author":[{"embeddable":true,"href":"https:\/\/vagas.portalemprego.com.br\/index.php?rest_route=\/wp\/v2\/users\/1"}],"replies":[{"embeddable":true,"href":"https:\/\/vagas.portalemprego.com.br\/index.php?rest_route=%2Fwp%2Fv2%2Fcomments&post=6945"}],"version-history":[{"count":0,"href":"https:\/\/vagas.portalemprego.com.br\/index.php?rest_route=\/wp\/v2\/posts\/6945\/revisions"}],"wp:attachment":[{"href":"https:\/\/vagas.portalemprego.com.br\/index.php?rest_route=%2Fwp%2Fv2%2Fmedia&parent=6945"}],"wp:term":[{"taxonomy":"category","embeddable":true,"href":"https:\/\/vagas.portalemprego.com.br\/index.php?rest_route=%2Fwp%2Fv2%2Fcategories&post=6945"},{"taxonomy":"post_tag","embeddable":true,"href":"https:\/\/vagas.portalemprego.com.br\/index.php?rest_route=%2Fwp%2Fv2%2Ftags&post=6945"}],"curies":[{"name":"wp","href":"https:\/\/api.w.org\/{rel}","templated":true}]}}