{"id":6951,"date":"2026-04-29T06:22:22","date_gmt":"2026-04-29T09:22:22","guid":{"rendered":"https:\/\/vagas.portalemprego.com.br\/?p=6951"},"modified":"2026-04-29T06:22:22","modified_gmt":"2026-04-29T09:22:22","slug":"consultor-imobiliario-rio-de-janeiro-comercial-vendas-rio-de-janeiro","status":"publish","type":"post","link":"https:\/\/vagas.portalemprego.com.br\/?p=6951","title":{"rendered":"Consultor Imobili\u00e1rio &#8211; Rio de Janeiro &#8211; Comercial, Vendas &#8211; Rio de Janeiro"},"content":{"rendered":"<p>O escrit\u00f3rio de advocacia Andr\u00e9 Fernandes Advogados (AF Advogados) \u00e9 especializado em Direito e Neg\u00f3cios Imobili\u00e1rios, proporcionando apoio legal aos clientes da Agir, prestando consultoria jur\u00eddica e atuando gratuitamente nas a\u00e7\u00f5es de despejo por falta de pagamento de alugu\u00e9is e encargos. O escrit\u00f3rio tamb\u00e9m desenvolve suas atividades nas \u00e1reas de Invent\u00e1rio e Usucapi\u00e3o Judiciais e Extrajudiciais, Direito do Consumidor, Contratos, Responsabilidade Civil, Legaliza\u00e7\u00e3o de Im\u00f3veis e de Direito Condominial.<\/p>\n<p>Vaga: Corretor de Im\u00f3veis <\/p>\n<p>Descri\u00e7\u00e3o de Atividades: <\/p>\n<p>&#8211; Capta\u00e7\u00f5es de im\u00f3veis.<br \/>\n&#8211; Intermedia\u00e7\u00e3o de compra, venda e loca\u00e7\u00e3o de im\u00f3veis.<br \/>\n&#8211; Avaliar propriedades.<br \/>\n&#8211; Negociar condi\u00e7\u00f5es e pre\u00e7os.  <\/p>\n<p>AJUDA DE CUSTO 1000,00<\/p>\n<p>Habilidades:<br \/>\nProfissional que procura crescimento e desenvolvimento pessoal<br \/>\nMotivado<br \/>\nOrganizado<\/p>\n<p>Se identificou? Venha fazer parte do nosso time :)!<\/p>\n<ul>\n<li>N\u00famero de vagas: 2<\/li>\n<li>Local de trabalho: Rio de Janeiro, RJ<\/li>\n<li>Regime de contrata\u00e7\u00e3o de tipo: Cooperado<\/li>\n<li>Jornada: Per\u00edodo Integral<\/li>\n<li>\u00c1rea e especializa\u00e7\u00e3o profissional: Comercial, Vendas &#8211; Corretagem<\/li>\n<li>N\u00edvel hier\u00e1rquico: Consultor<\/li>\n<\/ul>\n<p>VALORIZADO<\/p>\n<p>Tempo de experi\u00eancia: Entre 1 e 3 anos<\/p>\n<p>Escolaridade M\u00ednima: Ensino Superior<\/p>\n<p>Sal\u00e1rio: 1000,0<\/p>\n","protected":false},"excerpt":{"rendered":"<p>O escrit\u00f3rio de advocacia Andr\u00e9 Fernandes Advogados (AF Advogados) \u00e9 especializado em Direito e Neg\u00f3cios Imobili\u00e1rios, proporcionando apoio legal aos clientes da Agir, prestando consultoria jur\u00eddica e atuando gratuitamente nas a\u00e7\u00f5es de despejo por falta de pagamento de alugu\u00e9is e encargos. O escrit\u00f3rio tamb\u00e9m desenvolve suas atividades nas \u00e1reas de Invent\u00e1rio e Usucapi\u00e3o Judiciais e [&hellip;]<\/p>\n","protected":false},"author":1,"featured_media":0,"comment_status":"open","ping_status":"open","sticky":false,"template":"","format":"standard","meta":{"footnotes":""},"categories":[21],"tags":[],"class_list":["post-6951","post","type-post","status-publish","format-standard","hentry","category-rio-de-janeiro-rj"],"_links":{"self":[{"href":"https:\/\/vagas.portalemprego.com.br\/index.php?rest_route=\/wp\/v2\/posts\/6951","targetHints":{"allow":["GET"]}}],"collection":[{"href":"https:\/\/vagas.portalemprego.com.br\/index.php?rest_route=\/wp\/v2\/posts"}],"about":[{"href":"https:\/\/vagas.portalemprego.com.br\/index.php?rest_route=\/wp\/v2\/types\/post"}],"author":[{"embeddable":true,"href":"https:\/\/vagas.portalemprego.com.br\/index.php?rest_route=\/wp\/v2\/users\/1"}],"replies":[{"embeddable":true,"href":"https:\/\/vagas.portalemprego.com.br\/index.php?rest_route=%2Fwp%2Fv2%2Fcomments&post=6951"}],"version-history":[{"count":0,"href":"https:\/\/vagas.portalemprego.com.br\/index.php?rest_route=\/wp\/v2\/posts\/6951\/revisions"}],"wp:attachment":[{"href":"https:\/\/vagas.portalemprego.com.br\/index.php?rest_route=%2Fwp%2Fv2%2Fmedia&parent=6951"}],"wp:term":[{"taxonomy":"category","embeddable":true,"href":"https:\/\/vagas.portalemprego.com.br\/index.php?rest_route=%2Fwp%2Fv2%2Fcategories&post=6951"},{"taxonomy":"post_tag","embeddable":true,"href":"https:\/\/vagas.portalemprego.com.br\/index.php?rest_route=%2Fwp%2Fv2%2Ftags&post=6951"}],"curies":[{"name":"wp","href":"https:\/\/api.w.org\/{rel}","templated":true}]}}