{"id":6954,"date":"2026-04-29T06:22:22","date_gmt":"2026-04-29T09:22:22","guid":{"rendered":"https:\/\/vagas.portalemprego.com.br\/?p=6954"},"modified":"2026-04-29T06:22:22","modified_gmt":"2026-04-29T09:22:22","slug":"social-media-marketing-rio-de-janeiro-3","status":"publish","type":"post","link":"https:\/\/vagas.portalemprego.com.br\/?p=6954","title":{"rendered":"Social Media &#8211; Marketing &#8211; Rio de Janeiro"},"content":{"rendered":"<p>Oportunidade de Carreira em Consultoria Digital<\/p>\n<p>Estamos em busca de um profissional din\u00e2mico e criativo para integrar nossa equipe como Especialista em Social Media na Consultoria Acerta.<br \/>\nBuscamos algu\u00e9m que n\u00e3o apenas entenda as plataformas de redes sociais, mas que seja capaz de criar e implementar estrat\u00e9gias inovadoras que impulsionem a presen\u00e7a digital da empresa.<\/p>\n<p>Voc\u00ea ser\u00e1 respons\u00e1vel por gerenciar as contas de redes sociais, desenvolvendo e executando campanhas que visem aumentar a engajamento e a visibilidade da marca.<br \/>\nSuas habilidades em an\u00e1lise de dados e tend\u00eancias digitais ser\u00e3o fundamentais para otimizar o alcance e o impacto das nossas a\u00e7\u00f5es nas redes sociais.<\/p>\n<p>Experi\u00eancia em cria\u00e7\u00e3o de conte\u00fado, incluindo textos, imagens e v\u00eddeos, \u00e9 essencial.<br \/>\nAl\u00e9m disso, voc\u00ea deve demonstrar habilidades de comunica\u00e7\u00e3o eficaz, tanto escrita quanto oral, para interagir com o p\u00fablico e construir relacionamentos duradouros.<\/p>\n<p>Se voc\u00ea \u00e9 apaixonado por redes sociais e tem um olho agu\u00e7ado para tend\u00eancias digitais, esta \u00e9 a oportunidade perfeita para voc\u00ea.<br \/>\nJunte-se \u00e0 Consultoria Acerta e fa\u00e7a parte de uma equipe que valoriza inova\u00e7\u00e3o e excel\u00eancia em marketing digital.<\/p>\n<p>A Consultoria Acerta oferece um ambiente de trabalho colaborativo e desafiador, com oportunidades de crescimento profissional e desenvolvimento cont\u00ednuo.<br \/>\nVenha fazer parte de uma equipe que est\u00e1 sempre em busca de novos caminhos para o sucesso digital.<\/p>\n<p>Sal\u00e1rio R$ 1800 + R$ 300 (ajuda de custo) + VT<br \/>\nCLT &#8211; Hibrido<\/p>\n<ul>\n<li>Local de trabalho: Rio de Janeiro, RJ<\/li>\n<li>Regime de contrata\u00e7\u00e3o de tipo: Efetivo \u2013 CLT<\/li>\n<li>Jornada: Per\u00edodo Integral<\/li>\n<li>\u00c1rea e especializa\u00e7\u00e3o profissional: Marketing &#8211; Marketing<\/li>\n<li>N\u00edvel hier\u00e1rquico: Assistente<\/li>\n<\/ul>\n<p>Escolaridade M\u00ednima: Ensino Superior<\/p>\n<p>Sal\u00e1rio: 2000,0<\/p>\n","protected":false},"excerpt":{"rendered":"<p>Oportunidade de Carreira em Consultoria Digital Estamos em busca de um profissional din\u00e2mico e criativo para integrar nossa equipe como Especialista em Social Media na Consultoria Acerta. Buscamos algu\u00e9m que n\u00e3o apenas entenda as plataformas de redes sociais, mas que seja capaz de criar e implementar estrat\u00e9gias inovadoras que impulsionem a presen\u00e7a digital da empresa. [&hellip;]<\/p>\n","protected":false},"author":1,"featured_media":0,"comment_status":"open","ping_status":"open","sticky":false,"template":"","format":"standard","meta":{"footnotes":""},"categories":[21],"tags":[],"class_list":["post-6954","post","type-post","status-publish","format-standard","hentry","category-rio-de-janeiro-rj"],"_links":{"self":[{"href":"https:\/\/vagas.portalemprego.com.br\/index.php?rest_route=\/wp\/v2\/posts\/6954","targetHints":{"allow":["GET"]}}],"collection":[{"href":"https:\/\/vagas.portalemprego.com.br\/index.php?rest_route=\/wp\/v2\/posts"}],"about":[{"href":"https:\/\/vagas.portalemprego.com.br\/index.php?rest_route=\/wp\/v2\/types\/post"}],"author":[{"embeddable":true,"href":"https:\/\/vagas.portalemprego.com.br\/index.php?rest_route=\/wp\/v2\/users\/1"}],"replies":[{"embeddable":true,"href":"https:\/\/vagas.portalemprego.com.br\/index.php?rest_route=%2Fwp%2Fv2%2Fcomments&post=6954"}],"version-history":[{"count":0,"href":"https:\/\/vagas.portalemprego.com.br\/index.php?rest_route=\/wp\/v2\/posts\/6954\/revisions"}],"wp:attachment":[{"href":"https:\/\/vagas.portalemprego.com.br\/index.php?rest_route=%2Fwp%2Fv2%2Fmedia&parent=6954"}],"wp:term":[{"taxonomy":"category","embeddable":true,"href":"https:\/\/vagas.portalemprego.com.br\/index.php?rest_route=%2Fwp%2Fv2%2Fcategories&post=6954"},{"taxonomy":"post_tag","embeddable":true,"href":"https:\/\/vagas.portalemprego.com.br\/index.php?rest_route=%2Fwp%2Fv2%2Ftags&post=6954"}],"curies":[{"name":"wp","href":"https:\/\/api.w.org\/{rel}","templated":true}]}}