{"id":6957,"date":"2026-04-29T06:22:22","date_gmt":"2026-04-29T09:22:22","guid":{"rendered":"https:\/\/vagas.portalemprego.com.br\/?p=6957"},"modified":"2026-04-29T06:22:22","modified_gmt":"2026-04-29T09:22:22","slug":"auxiliar-de-rh-recursos-humanos-rio-de-janeiro-2","status":"publish","type":"post","link":"https:\/\/vagas.portalemprego.com.br\/?p=6957","title":{"rendered":"Auxiliar de RH &#8211; Recursos Humanos &#8211; Rio de Janeiro"},"content":{"rendered":"<p>Estamos em busca de um Auxiliar de RH com habilidades espec\u00edficas para se juntar ao nosso time.<br \/>\nBuscamos algu\u00e9m que n\u00e3o apenas suporte as atividades do departamento, mas que tamb\u00e9m traga dinamismo e uma perspectiva comercial ao nosso ambiente de trabalho.<\/p>\n<p>Como Auxiliar de RH, voc\u00ea ser\u00e1 respons\u00e1vel por auxiliar na organiza\u00e7\u00e3o e execu\u00e7\u00e3o de processos de recrutamento e sele\u00e7\u00e3o, bem como no acompanhamento de contratos e documenta\u00e7\u00f5es.<br \/>\nSua capacidade de comunica\u00e7\u00e3o ser\u00e1 fundamental para garantir uma intera\u00e7\u00e3o fluida com os candidatos e funcion\u00e1rios.<\/p>\n<p>Al\u00e9m disso, sua postura extrovertida e habilidades de representa\u00e7\u00e3o comercial s\u00e3o essenciais para promover e manter uma imagem positiva da empresa em eventos e feiras profissionais.<br \/>\nO candidato ideal deve ser comunicativo, com uma forte capacidade de interagir com pessoas de diferentes n\u00edveis hier\u00e1rquicos e com uma atitude proativa.<\/p>\n<p>Voc\u00ea deve ter uma boa vis\u00e3o de neg\u00f3cios e ser capaz de entender e aplicar as pol\u00edticas e procedimentos do departamento de RH de forma eficiente.<br \/>\nA colabora\u00e7\u00e3o e o trabalho em equipe s\u00e3o fundamentais, e sua capacidade de adapta\u00e7\u00e3o a novos desafios ser\u00e1 um diferencial.<\/p>\n<p>Durante a semana voc\u00ea visitar\u00e1 empresas como representante comercial buscando vagas de jovem aprendiz pra nossa unidade e em alguns dias voc\u00ea ir\u00e1 direcionar os nossos clientes (jovens) para estas vagas. O trabalho consiste em captar vagas de jovem aprendiz e entregarmos para os nossos parceiros os melhores candidatos poss\u00edveis , daremos maiores informa\u00e7\u00f5es durante a nossa entrevista. <\/p>\n<p>Se voc\u00ea \u00e9 uma pessoa comunicativa, que gosta de estar em contato com pessoas e tem um olhar comercial, esta oportunidade pode ser perfeita para voc\u00ea.<br \/>\nJunte-se a n\u00f3s e contribua para o crescimento e o desenvolvimento da nossa equipe de RH.<\/p>\n<ul>\n<li>Local de trabalho: Rio de Janeiro, RJ<\/li>\n<li>Regime de contrata\u00e7\u00e3o de tipo: Efetivo \u2013 CLT<\/li>\n<li>Jornada: Per\u00edodo Integral<\/li>\n<li>\u00c1rea e especializa\u00e7\u00e3o profissional: Recursos Humanos &#8211; Recursos Humanos (Generalista)<\/li>\n<li>N\u00edvel hier\u00e1rquico: Auxiliar<\/li>\n<\/ul>\n<p>VALORIZADO<\/p>\n<p>Tempo de experi\u00eancia: Menos de 1 ano<\/p>\n<p>HABILIDADES<\/p>\n<ul>\n<li>comunicativo<\/li>\n<li>representante comercial<\/li>\n<li>extrovertido<\/li>\n<\/ul>\n<p>Escolaridade M\u00ednima: Ensino Superior<\/p>\n<p>Sal\u00e1rio: 4000,0<\/p>\n","protected":false},"excerpt":{"rendered":"<p>Estamos em busca de um Auxiliar de RH com habilidades espec\u00edficas para se juntar ao nosso time. Buscamos algu\u00e9m que n\u00e3o apenas suporte as atividades do departamento, mas que tamb\u00e9m traga dinamismo e uma perspectiva comercial ao nosso ambiente de trabalho. Como Auxiliar de RH, voc\u00ea ser\u00e1 respons\u00e1vel por auxiliar na organiza\u00e7\u00e3o e execu\u00e7\u00e3o de [&hellip;]<\/p>\n","protected":false},"author":1,"featured_media":0,"comment_status":"open","ping_status":"open","sticky":false,"template":"","format":"standard","meta":{"footnotes":""},"categories":[21],"tags":[],"class_list":["post-6957","post","type-post","status-publish","format-standard","hentry","category-rio-de-janeiro-rj"],"_links":{"self":[{"href":"https:\/\/vagas.portalemprego.com.br\/index.php?rest_route=\/wp\/v2\/posts\/6957","targetHints":{"allow":["GET"]}}],"collection":[{"href":"https:\/\/vagas.portalemprego.com.br\/index.php?rest_route=\/wp\/v2\/posts"}],"about":[{"href":"https:\/\/vagas.portalemprego.com.br\/index.php?rest_route=\/wp\/v2\/types\/post"}],"author":[{"embeddable":true,"href":"https:\/\/vagas.portalemprego.com.br\/index.php?rest_route=\/wp\/v2\/users\/1"}],"replies":[{"embeddable":true,"href":"https:\/\/vagas.portalemprego.com.br\/index.php?rest_route=%2Fwp%2Fv2%2Fcomments&post=6957"}],"version-history":[{"count":0,"href":"https:\/\/vagas.portalemprego.com.br\/index.php?rest_route=\/wp\/v2\/posts\/6957\/revisions"}],"wp:attachment":[{"href":"https:\/\/vagas.portalemprego.com.br\/index.php?rest_route=%2Fwp%2Fv2%2Fmedia&parent=6957"}],"wp:term":[{"taxonomy":"category","embeddable":true,"href":"https:\/\/vagas.portalemprego.com.br\/index.php?rest_route=%2Fwp%2Fv2%2Fcategories&post=6957"},{"taxonomy":"post_tag","embeddable":true,"href":"https:\/\/vagas.portalemprego.com.br\/index.php?rest_route=%2Fwp%2Fv2%2Ftags&post=6957"}],"curies":[{"name":"wp","href":"https:\/\/api.w.org\/{rel}","templated":true}]}}