{"id":6958,"date":"2026-04-29T06:22:22","date_gmt":"2026-04-29T09:22:22","guid":{"rendered":"https:\/\/vagas.portalemprego.com.br\/?p=6958"},"modified":"2026-04-29T06:22:22","modified_gmt":"2026-04-29T09:22:22","slug":"vendedor-de-franquia-comercial-vendas-rio-de-janeiro","status":"publish","type":"post","link":"https:\/\/vagas.portalemprego.com.br\/?p=6958","title":{"rendered":"Vendedor de franquia &#8211; Comercial, Vendas &#8211; Rio de Janeiro"},"content":{"rendered":"<p>Estamos em busca de um Vendedor de Franquia para se juntar ao nosso time.<br \/>\nBuscamos algu\u00e9m com experi\u00eancia comprovada em vendas, com uma forte habilidade para construir relacionamentos e gerar neg\u00f3cios.<br \/>\nO candidato ideal deve ter uma paix\u00e3o inata por vendas e um desejo de ajudar outras pessoas a alcan\u00e7arem seus objetivos de franquia.<\/p>\n<p>Voc\u00ea ser\u00e1 respons\u00e1vel por identificar e contatar potenciais franqueados, apresentar nossas oportunidades de franquia e ajudar a orientar esses potenciais franqueados atrav\u00e9s do processo de tomada de decis\u00e3o.<br \/>\nSua habilidade de comunica\u00e7\u00e3o e capacidade de entender as necessidades dos clientes ser\u00e3o fundamentais para o sucesso nesta posi\u00e7\u00e3o.<\/p>\n<p>Experi\u00eancia em vendas \u00e9 essencial, com um hist\u00f3rico de atingir ou superar metas de vendas.<br \/>\nAl\u00e9m disso, voc\u00ea deve ter uma compreens\u00e3o s\u00f3lida do mercado de franquias e das oportunidades dispon\u00edveis.<br \/>\nA capacidade de viajar e dedicar tempo para atender clientes em potencial \u00e9 necess\u00e1ria.<\/p>\n<p>Nossa empresa oferece um ambiente de trabalho din\u00e2mico<\/p>\n<ul>\n<li>Local de trabalho: Rio de Janeiro, RJ<\/li>\n<li>Regime de contrata\u00e7\u00e3o de tipo: Efetivo \u2013 CLT<\/li>\n<li>Jornada: Per\u00edodo Integral<\/li>\n<li>\u00c1rea e especializa\u00e7\u00e3o profissional: Comercial, Vendas &#8211; Representa\u00e7\u00e3o Comercial<\/li>\n<li>N\u00edvel hier\u00e1rquico: Consultor<\/li>\n<\/ul>\n<p>Escolaridade M\u00ednima: Ensino Superior<\/p>\n","protected":false},"excerpt":{"rendered":"<p>Estamos em busca de um Vendedor de Franquia para se juntar ao nosso time. Buscamos algu\u00e9m com experi\u00eancia comprovada em vendas, com uma forte habilidade para construir relacionamentos e gerar neg\u00f3cios. O candidato ideal deve ter uma paix\u00e3o inata por vendas e um desejo de ajudar outras pessoas a alcan\u00e7arem seus objetivos de franquia. Voc\u00ea [&hellip;]<\/p>\n","protected":false},"author":1,"featured_media":0,"comment_status":"open","ping_status":"open","sticky":false,"template":"","format":"standard","meta":{"footnotes":""},"categories":[21],"tags":[],"class_list":["post-6958","post","type-post","status-publish","format-standard","hentry","category-rio-de-janeiro-rj"],"_links":{"self":[{"href":"https:\/\/vagas.portalemprego.com.br\/index.php?rest_route=\/wp\/v2\/posts\/6958","targetHints":{"allow":["GET"]}}],"collection":[{"href":"https:\/\/vagas.portalemprego.com.br\/index.php?rest_route=\/wp\/v2\/posts"}],"about":[{"href":"https:\/\/vagas.portalemprego.com.br\/index.php?rest_route=\/wp\/v2\/types\/post"}],"author":[{"embeddable":true,"href":"https:\/\/vagas.portalemprego.com.br\/index.php?rest_route=\/wp\/v2\/users\/1"}],"replies":[{"embeddable":true,"href":"https:\/\/vagas.portalemprego.com.br\/index.php?rest_route=%2Fwp%2Fv2%2Fcomments&post=6958"}],"version-history":[{"count":0,"href":"https:\/\/vagas.portalemprego.com.br\/index.php?rest_route=\/wp\/v2\/posts\/6958\/revisions"}],"wp:attachment":[{"href":"https:\/\/vagas.portalemprego.com.br\/index.php?rest_route=%2Fwp%2Fv2%2Fmedia&parent=6958"}],"wp:term":[{"taxonomy":"category","embeddable":true,"href":"https:\/\/vagas.portalemprego.com.br\/index.php?rest_route=%2Fwp%2Fv2%2Fcategories&post=6958"},{"taxonomy":"post_tag","embeddable":true,"href":"https:\/\/vagas.portalemprego.com.br\/index.php?rest_route=%2Fwp%2Fv2%2Ftags&post=6958"}],"curies":[{"name":"wp","href":"https:\/\/api.w.org\/{rel}","templated":true}]}}