{"id":6959,"date":"2026-04-29T06:22:22","date_gmt":"2026-04-29T09:22:22","guid":{"rendered":"https:\/\/vagas.portalemprego.com.br\/?p=6959"},"modified":"2026-04-29T06:22:22","modified_gmt":"2026-04-29T09:22:22","slug":"operador-de-telemarketing-ativo-pcd-telemarketing-rio-de-janeiro","status":"publish","type":"post","link":"https:\/\/vagas.portalemprego.com.br\/?p=6959","title":{"rendered":"Operador de Telemarketing Ativo \u2013 PCD &#8211; Telemarketing &#8211; Rio de Janeiro"},"content":{"rendered":"<p>\u2022\tEnsino M\u00e9dio Completo;<br \/>\n\u2022\tInform\u00e1tica B\u00e1sica;<br \/>\n\u2022\tAtendimento e negocia\u00e7\u00e3o ao cliente;<br \/>\n\u2022\tT\u00e9cnicas de vendas ou Cobran\u00e7a;<br \/>\n\u2022\tHabilidades para se comunicar verbalmente;<br \/>\n\u2022\tTrabalhar com metas e resultados;<br \/>\n\u2022\tLidar com trabalho sob press\u00e3o;<br \/>\n\u2022\tRegistrar no sistema as informa\u00e7\u00f5es referentes \u00e0s atividades realizadas;<br \/>\n\u2022\tAtender conforme o manual de normas da empresa;<br \/>\n\u2022\tDisponibilidade de hor\u00e1rio;EGUROS.<\/p>\n<ul>\n<li>N\u00famero de vagas: 2<\/li>\n<li>Local de trabalho: Rio de Janeiro, RJ<\/li>\n<li>Regime de contrata\u00e7\u00e3o de tipo: Efetivo \u2013 CLT<\/li>\n<li>Jornada: Per\u00edodo Integral<\/li>\n<li>\u00c1rea e especializa\u00e7\u00e3o profissional: Telemarketing &#8211; Telemarketing \/ Call Center Ativo<\/li>\n<li>N\u00edvel hier\u00e1rquico: Operacional<\/li>\n<\/ul>\n<p>VALORIZADO<\/p>\n<p>Tempo de experi\u00eancia: Entre 1 e 3 anos<\/p>\n<p>HABILIDADES<\/p>\n<ul>\n<li>\u2022\tAtender os colaboradores para esclarecimento de d\u00favidas sobre folha de pagamento, benef\u00edcios e demais assuntos do setor<\/li>\n<li>\u2022\tApoiar nos processos de admiss\u00e3o e demiss\u00e3o de funcion\u00e1rios<\/li>\n<li>\u2022\tRealizar o registro e atualiza\u00e7\u00e3o de dados no sistema de folha de pagamento<\/li>\n<li>\u2022\tControlar e conferir o ponto eletr\u00f4nico e manual dos colaboradores<\/li>\n<li>\u2022\tOrganizar e gerenciar documentos relacionados \u00e0 \u00e1rea, como contratos, atestados e declara\u00e7\u00f5es<\/li>\n<li>\u2022\tAcompanhar e lan\u00e7ar benef\u00edcios (vale-transporte, vale-alimenta\u00e7\u00e3o, assist\u00eancia m\u00e9dica, etc.)<\/li>\n<\/ul>\n<p>Escolaridade M\u00ednima: Ensino M\u00e9dio (2\u00ba Grau)<\/p>\n<p>Forma\u00e7\u00e3o desejada:<\/p>\n<ul>\n<li>Introdu\u00e7\u00e3o ao Windows, Word e Internet, Curso extra-curricular \/ Profissionalizante<\/li>\n<li>Administrativo, Curso extra-curricular \/ Profissionalizante<\/li>\n<li>Gest\u00e3o de Recursos Humanos, Ensino Superior<\/li>\n<li>Departamento pessoal, Curso T\u00e9cnico<\/li>\n<\/ul>\n<ul>\n<li>Aux\u00edlio Creche<\/li>\n<li>Vale-transporte<\/li>\n<li>Vale-refei\u00e7\u00e3o<\/li>\n<li>Assist\u00eancia odontol\u00f3gica<\/li>\n<li>Assist\u00eancia m\u00e9dica<\/li>\n<li>Vale-alimenta\u00e7\u00e3o<\/li>\n<\/ul>\n","protected":false},"excerpt":{"rendered":"<p>\u2022 Ensino M\u00e9dio Completo; \u2022 Inform\u00e1tica B\u00e1sica; \u2022 Atendimento e negocia\u00e7\u00e3o ao cliente; \u2022 T\u00e9cnicas de vendas ou Cobran\u00e7a; \u2022 Habilidades para se comunicar verbalmente; \u2022 Trabalhar com metas e resultados; \u2022 Lidar com trabalho sob press\u00e3o; \u2022 Registrar no sistema as informa\u00e7\u00f5es referentes \u00e0s atividades realizadas; \u2022 Atender conforme o manual de normas da [&hellip;]<\/p>\n","protected":false},"author":1,"featured_media":0,"comment_status":"open","ping_status":"open","sticky":false,"template":"","format":"standard","meta":{"footnotes":""},"categories":[21],"tags":[],"class_list":["post-6959","post","type-post","status-publish","format-standard","hentry","category-rio-de-janeiro-rj"],"_links":{"self":[{"href":"https:\/\/vagas.portalemprego.com.br\/index.php?rest_route=\/wp\/v2\/posts\/6959","targetHints":{"allow":["GET"]}}],"collection":[{"href":"https:\/\/vagas.portalemprego.com.br\/index.php?rest_route=\/wp\/v2\/posts"}],"about":[{"href":"https:\/\/vagas.portalemprego.com.br\/index.php?rest_route=\/wp\/v2\/types\/post"}],"author":[{"embeddable":true,"href":"https:\/\/vagas.portalemprego.com.br\/index.php?rest_route=\/wp\/v2\/users\/1"}],"replies":[{"embeddable":true,"href":"https:\/\/vagas.portalemprego.com.br\/index.php?rest_route=%2Fwp%2Fv2%2Fcomments&post=6959"}],"version-history":[{"count":0,"href":"https:\/\/vagas.portalemprego.com.br\/index.php?rest_route=\/wp\/v2\/posts\/6959\/revisions"}],"wp:attachment":[{"href":"https:\/\/vagas.portalemprego.com.br\/index.php?rest_route=%2Fwp%2Fv2%2Fmedia&parent=6959"}],"wp:term":[{"taxonomy":"category","embeddable":true,"href":"https:\/\/vagas.portalemprego.com.br\/index.php?rest_route=%2Fwp%2Fv2%2Fcategories&post=6959"},{"taxonomy":"post_tag","embeddable":true,"href":"https:\/\/vagas.portalemprego.com.br\/index.php?rest_route=%2Fwp%2Fv2%2Ftags&post=6959"}],"curies":[{"name":"wp","href":"https:\/\/api.w.org\/{rel}","templated":true}]}}