{"id":6960,"date":"2026-04-29T06:22:22","date_gmt":"2026-04-29T09:22:22","guid":{"rendered":"https:\/\/vagas.portalemprego.com.br\/?p=6960"},"modified":"2026-04-29T06:22:22","modified_gmt":"2026-04-29T09:22:22","slug":"gerente-de-marketing-marketing-rio-de-janeiro-2","status":"publish","type":"post","link":"https:\/\/vagas.portalemprego.com.br\/?p=6960","title":{"rendered":"Gerente de Marketing &#8211; Marketing &#8211; Rio de Janeiro"},"content":{"rendered":"<p>Estamos em busca de um Gerente de Marketing din\u00e2mico e inovador para se juntar ao nosso time.<br \/>\nComo Gerente de Marketing, voc\u00ea ser\u00e1 respons\u00e1vel por liderar e implementar estrat\u00e9gias de marketing que impulsionem a visibilidade e o reconhecimento da marca.<br \/>\nSua miss\u00e3o ser\u00e1 desenvolver e executar planos de marketing que apoiem os objetivos de crescimento da empresa.<\/p>\n<p>Voc\u00ea ser\u00e1 o respons\u00e1vel por liderar campanhas de marketing digitais, incluindo SEO, SEM, e redes sociais, garantindo que nossa presen\u00e7a online seja forte e eficaz.<br \/>\nAl\u00e9m disso, voc\u00ea dever\u00e1 coordenar com as equipes de design e desenvolvimento para garantir que todas as pe\u00e7as de marketing estejam alinhadas com a identidade da marca e com os objetivos de comunica\u00e7\u00e3o.<\/p>\n<p>A gest\u00e3o de relacionamento com clientes e a an\u00e1lise de dados de campanhas ser\u00e3o parte fundamental do seu trabalho.<br \/>\nVoc\u00ea dever\u00e1 gerar relat\u00f3rios detalhados e fornecer insights para otimiza\u00e7\u00e3o cont\u00ednua das estrat\u00e9gias de marketing.<br \/>\nA colabora\u00e7\u00e3o com outras \u00e1reas da empresa, como vendas e produto, \u00e9 essencial para garantir que as campanhas de marketing estejam alinhada com os objetivos gerais da organiza\u00e7\u00e3o.<\/p>\n<p>Experi\u00eancia em gest\u00e3o de equipes, lideran\u00e7a e comunica\u00e7\u00e3o s\u00e3o fundamentais para este cargo.<br \/>\nSe voc\u00ea \u00e9 um estrategista com um olho agu\u00e7ado para tend\u00eancias de mercado e uma paix\u00e3o por criar campanhas de marketing inovadoras, esta oportunidade \u00e9 para voc\u00ea.<br \/>\nJunte-se a n\u00f3s e fa\u00e7a parte de uma equipe que valoriza inova\u00e7\u00e3o e excel\u00eancia em marketing.<\/p>\n<ul>\n<li>Local de trabalho: Rio de Janeiro, RJ<\/li>\n<li>Regime de contrata\u00e7\u00e3o de tipo: Prestador de Servi\u00e7os (PJ)<\/li>\n<li>Jornada: Per\u00edodo Integral<\/li>\n<li>\u00c1rea e especializa\u00e7\u00e3o profissional: Marketing &#8211; Marketing<\/li>\n<li>N\u00edvel hier\u00e1rquico: Gerente<\/li>\n<\/ul>\n<p>Escolaridade M\u00ednima: P\u00f3s-gradua\u00e7\u00e3o &#8211; Especializa\u00e7\u00e3o\/MBA<\/p>\n<p>Sal\u00e1rio: 15000,0<\/p>\n","protected":false},"excerpt":{"rendered":"<p>Estamos em busca de um Gerente de Marketing din\u00e2mico e inovador para se juntar ao nosso time. Como Gerente de Marketing, voc\u00ea ser\u00e1 respons\u00e1vel por liderar e implementar estrat\u00e9gias de marketing que impulsionem a visibilidade e o reconhecimento da marca. Sua miss\u00e3o ser\u00e1 desenvolver e executar planos de marketing que apoiem os objetivos de crescimento [&hellip;]<\/p>\n","protected":false},"author":1,"featured_media":0,"comment_status":"open","ping_status":"open","sticky":false,"template":"","format":"standard","meta":{"footnotes":""},"categories":[21],"tags":[],"class_list":["post-6960","post","type-post","status-publish","format-standard","hentry","category-rio-de-janeiro-rj"],"_links":{"self":[{"href":"https:\/\/vagas.portalemprego.com.br\/index.php?rest_route=\/wp\/v2\/posts\/6960","targetHints":{"allow":["GET"]}}],"collection":[{"href":"https:\/\/vagas.portalemprego.com.br\/index.php?rest_route=\/wp\/v2\/posts"}],"about":[{"href":"https:\/\/vagas.portalemprego.com.br\/index.php?rest_route=\/wp\/v2\/types\/post"}],"author":[{"embeddable":true,"href":"https:\/\/vagas.portalemprego.com.br\/index.php?rest_route=\/wp\/v2\/users\/1"}],"replies":[{"embeddable":true,"href":"https:\/\/vagas.portalemprego.com.br\/index.php?rest_route=%2Fwp%2Fv2%2Fcomments&post=6960"}],"version-history":[{"count":0,"href":"https:\/\/vagas.portalemprego.com.br\/index.php?rest_route=\/wp\/v2\/posts\/6960\/revisions"}],"wp:attachment":[{"href":"https:\/\/vagas.portalemprego.com.br\/index.php?rest_route=%2Fwp%2Fv2%2Fmedia&parent=6960"}],"wp:term":[{"taxonomy":"category","embeddable":true,"href":"https:\/\/vagas.portalemprego.com.br\/index.php?rest_route=%2Fwp%2Fv2%2Fcategories&post=6960"},{"taxonomy":"post_tag","embeddable":true,"href":"https:\/\/vagas.portalemprego.com.br\/index.php?rest_route=%2Fwp%2Fv2%2Ftags&post=6960"}],"curies":[{"name":"wp","href":"https:\/\/api.w.org\/{rel}","templated":true}]}}