{"id":6961,"date":"2026-04-29T06:22:22","date_gmt":"2026-04-29T09:22:22","guid":{"rendered":"https:\/\/vagas.portalemprego.com.br\/?p=6961"},"modified":"2026-04-29T06:22:22","modified_gmt":"2026-04-29T09:22:22","slug":"contatologo-tecnico-optico-shopping-rio-sul-comercial-vendas-rio-de-janeiro","status":"publish","type":"post","link":"https:\/\/vagas.portalemprego.com.br\/?p=6961","title":{"rendered":"Contat\u00f3logo \/ T\u00e9cnico \u00d3ptico &#8211; Shopping Rio Sul &#8211; Comercial, Vendas &#8211; Rio de Janeiro"},"content":{"rendered":"<p>Estamos em busca de um contat\u00f3logo especializado em lentes de contato, cuja principal responsabilidade ser\u00e1 orientar e facilitar a transi\u00e7\u00e3o dos usu\u00e1rios de \u00f3culos para lentes de contato. Este profissional ser\u00e1 fundamental na escolha e adapta\u00e7\u00e3o do melhor produto para cada cliente, levando em considera\u00e7\u00e3o suas necessidades visuais e estilo de vida, fornecendo recomenda\u00e7\u00f5es personalizadas e garantindo o conforto e a efic\u00e1cia das lentes selecionadas. \u00c9 essencial possuir habilidades interpessoais excelentes, garantindo um atendimento emp\u00e1tico e profissional aos clientes, e estar atualizado com as mais recentes tecnologias e desenvolvimentos no campo das lentes de contato.<\/p>\n<ul>\n<li>Local de trabalho: Rio de Janeiro, RJ<\/li>\n<li>Regime de contrata\u00e7\u00e3o de tipo: Efetivo \u2013 CLT<\/li>\n<li>Jornada: Per\u00edodo Integral<\/li>\n<li>\u00c1rea e especializa\u00e7\u00e3o profissional: Comercial, Vendas &#8211; Lojas \/ Shopping<\/li>\n<li>N\u00edvel hier\u00e1rquico: Analista<\/li>\n<\/ul>\n<p>Escolaridade M\u00ednima: Curso T\u00e9cnico<\/p>\n<ul>\n<li>Gympass<\/li>\n<li>Idiomas<\/li>\n<li>Bonifica\u00e7\u00e3o<\/li>\n<li>Plano de Carreira<\/li>\n<li>Seguro de Vida<\/li>\n<li>Comiss\u00e3o<\/li>\n<li>Vale Refei\u00e7\u00e3o<\/li>\n<li>Assist\u00eancia odontol\u00f3gica<\/li>\n<li>Assist\u00eancia m\u00e9dica<\/li>\n<li>Vale Alimenta\u00e7\u00e3o<\/li>\n<li>Vale transporte<\/li>\n<li>Acesso a nossa plataforma de cursos Gratuitos<\/li>\n<\/ul>\n","protected":false},"excerpt":{"rendered":"<p>Estamos em busca de um contat\u00f3logo especializado em lentes de contato, cuja principal responsabilidade ser\u00e1 orientar e facilitar a transi\u00e7\u00e3o dos usu\u00e1rios de \u00f3culos para lentes de contato. Este profissional ser\u00e1 fundamental na escolha e adapta\u00e7\u00e3o do melhor produto para cada cliente, levando em considera\u00e7\u00e3o suas necessidades visuais e estilo de vida, fornecendo recomenda\u00e7\u00f5es personalizadas [&hellip;]<\/p>\n","protected":false},"author":1,"featured_media":0,"comment_status":"open","ping_status":"open","sticky":false,"template":"","format":"standard","meta":{"footnotes":""},"categories":[21],"tags":[],"class_list":["post-6961","post","type-post","status-publish","format-standard","hentry","category-rio-de-janeiro-rj"],"_links":{"self":[{"href":"https:\/\/vagas.portalemprego.com.br\/index.php?rest_route=\/wp\/v2\/posts\/6961","targetHints":{"allow":["GET"]}}],"collection":[{"href":"https:\/\/vagas.portalemprego.com.br\/index.php?rest_route=\/wp\/v2\/posts"}],"about":[{"href":"https:\/\/vagas.portalemprego.com.br\/index.php?rest_route=\/wp\/v2\/types\/post"}],"author":[{"embeddable":true,"href":"https:\/\/vagas.portalemprego.com.br\/index.php?rest_route=\/wp\/v2\/users\/1"}],"replies":[{"embeddable":true,"href":"https:\/\/vagas.portalemprego.com.br\/index.php?rest_route=%2Fwp%2Fv2%2Fcomments&post=6961"}],"version-history":[{"count":0,"href":"https:\/\/vagas.portalemprego.com.br\/index.php?rest_route=\/wp\/v2\/posts\/6961\/revisions"}],"wp:attachment":[{"href":"https:\/\/vagas.portalemprego.com.br\/index.php?rest_route=%2Fwp%2Fv2%2Fmedia&parent=6961"}],"wp:term":[{"taxonomy":"category","embeddable":true,"href":"https:\/\/vagas.portalemprego.com.br\/index.php?rest_route=%2Fwp%2Fv2%2Fcategories&post=6961"},{"taxonomy":"post_tag","embeddable":true,"href":"https:\/\/vagas.portalemprego.com.br\/index.php?rest_route=%2Fwp%2Fv2%2Ftags&post=6961"}],"curies":[{"name":"wp","href":"https:\/\/api.w.org\/{rel}","templated":true}]}}