{"id":6962,"date":"2026-04-29T06:22:22","date_gmt":"2026-04-29T09:22:22","guid":{"rendered":"https:\/\/vagas.portalemprego.com.br\/?p=6962"},"modified":"2026-04-29T06:22:22","modified_gmt":"2026-04-29T09:22:22","slug":"chapeiro-alimentacao-gastronomia-rio-de-janeiro-8","status":"publish","type":"post","link":"https:\/\/vagas.portalemprego.com.br\/?p=6962","title":{"rendered":"Chapeiro &#8211; Alimenta\u00e7\u00e3o \/ Gastronomia &#8211; Rio de Janeiro"},"content":{"rendered":"<p>Estamos em busca de um profissional dedicado e experiente para o cargo de Chapeiro.<br \/>\nSua miss\u00e3o ser\u00e1 garantir que todos os pratos servidos estejam de acordo com os mais altos padr\u00f5es de qualidade e higiene.<br \/>\nO trabalho exige aten\u00e7\u00e3o aos detalhes, habilidade na manipula\u00e7\u00e3o de alimentos e conhecimento profundo das t\u00e9cnicas culin\u00e1rias.<\/p>\n<p>Voc\u00ea ser\u00e1 respons\u00e1vel por preparar refei\u00e7\u00f5es variadas, desde pratos simples at\u00e9 especialidades mais complexas, utilizando ingredientes frescos e de alta qualidade.<br \/>\nA organiza\u00e7\u00e3o e a efici\u00eancia s\u00e3o fundamentais para garantir que tudo seja entregue no prazo e com excel\u00eancia.<br \/>\nAl\u00e9m disso, \u00e9 essencial que voc\u00ea mantenha um ambiente de trabalho limpo e seguro, seguindo rigorosamente as normas de seguran\u00e7a alimentar.<\/p>\n<p>Experi\u00eancia pr\u00e9via em cozinhas profissionais \u00e9 um diferencial, especialmente em ambientes que exigem alta produtividade e qualidade.<br \/>\nConhecimento em card\u00e1pios variados e habilidade para adaptar receitas conforme as necessidades do estabelecimento s\u00e3o altamente valorizados.<\/p>\n<p>Se voc\u00ea \u00e9 uma pessoa meticulosa, com um forte senso de responsabilidade e paix\u00e3o pela culin\u00e1ria, esta oportunidade pode ser perfeita para voc\u00ea.<br \/>\nJunte-se \u00e0 nossa equipe e contribua para criar experi\u00eancias gastron\u00f4micas inesquec\u00edveis para nossos clientes.<\/p>\n<p>Interessados devem enviar seu curr\u00edculo diretamente para a vaga.<br \/>\nAguardamos sua candidatura para que possamos avaliar seu potencial e discutir como voc\u00ea pode fazer parte de nossa equipe.<\/p>\n<ul>\n<li>Local de trabalho: Rio de Janeiro, RJ<\/li>\n<li>Regime de contrata\u00e7\u00e3o de tipo: Efetivo \u2013 CLT<\/li>\n<li>Jornada: Noturno<\/li>\n<li>\u00c1rea e especializa\u00e7\u00e3o profissional: Alimenta\u00e7\u00e3o \/ Gastronomia &#8211; Lanchonete, Fast Food, Cafeteria<\/li>\n<li>N\u00edvel hier\u00e1rquico: Operacional<\/li>\n<\/ul>\n<p>Escolaridade M\u00ednima: Ensino M\u00e9dio (2\u00ba Grau)<\/p>\n<p>Sal\u00e1rio: 1700,0<\/p>\n","protected":false},"excerpt":{"rendered":"<p>Estamos em busca de um profissional dedicado e experiente para o cargo de Chapeiro. Sua miss\u00e3o ser\u00e1 garantir que todos os pratos servidos estejam de acordo com os mais altos padr\u00f5es de qualidade e higiene. O trabalho exige aten\u00e7\u00e3o aos detalhes, habilidade na manipula\u00e7\u00e3o de alimentos e conhecimento profundo das t\u00e9cnicas culin\u00e1rias. Voc\u00ea ser\u00e1 respons\u00e1vel [&hellip;]<\/p>\n","protected":false},"author":1,"featured_media":0,"comment_status":"open","ping_status":"open","sticky":false,"template":"","format":"standard","meta":{"footnotes":""},"categories":[21],"tags":[],"class_list":["post-6962","post","type-post","status-publish","format-standard","hentry","category-rio-de-janeiro-rj"],"_links":{"self":[{"href":"https:\/\/vagas.portalemprego.com.br\/index.php?rest_route=\/wp\/v2\/posts\/6962","targetHints":{"allow":["GET"]}}],"collection":[{"href":"https:\/\/vagas.portalemprego.com.br\/index.php?rest_route=\/wp\/v2\/posts"}],"about":[{"href":"https:\/\/vagas.portalemprego.com.br\/index.php?rest_route=\/wp\/v2\/types\/post"}],"author":[{"embeddable":true,"href":"https:\/\/vagas.portalemprego.com.br\/index.php?rest_route=\/wp\/v2\/users\/1"}],"replies":[{"embeddable":true,"href":"https:\/\/vagas.portalemprego.com.br\/index.php?rest_route=%2Fwp%2Fv2%2Fcomments&post=6962"}],"version-history":[{"count":0,"href":"https:\/\/vagas.portalemprego.com.br\/index.php?rest_route=\/wp\/v2\/posts\/6962\/revisions"}],"wp:attachment":[{"href":"https:\/\/vagas.portalemprego.com.br\/index.php?rest_route=%2Fwp%2Fv2%2Fmedia&parent=6962"}],"wp:term":[{"taxonomy":"category","embeddable":true,"href":"https:\/\/vagas.portalemprego.com.br\/index.php?rest_route=%2Fwp%2Fv2%2Fcategories&post=6962"},{"taxonomy":"post_tag","embeddable":true,"href":"https:\/\/vagas.portalemprego.com.br\/index.php?rest_route=%2Fwp%2Fv2%2Ftags&post=6962"}],"curies":[{"name":"wp","href":"https:\/\/api.w.org\/{rel}","templated":true}]}}