{"id":6967,"date":"2026-04-29T06:23:23","date_gmt":"2026-04-29T09:23:23","guid":{"rendered":"https:\/\/vagas.portalemprego.com.br\/?p=6967"},"modified":"2026-04-29T06:23:23","modified_gmt":"2026-04-29T09:23:23","slug":"tecnico-de-radiologia-hemodinamica-banco-de-talentos-saude-rio-de-janeiro","status":"publish","type":"post","link":"https:\/\/vagas.portalemprego.com.br\/?p=6967","title":{"rendered":"Tecnico de Radiologia (Hemodin\u00e2mica) &#8211; Banco de Talentos &#8211; Sa\u00fade &#8211; Rio de Janeiro"},"content":{"rendered":"<p>N\u00f3s da CASA DE SA\u00daDE S\u00c3O JOSE estamos \u00e0 procura de um T\u00e9cnico de Radiologia especializado em Hemodin\u00e2mica para integrar nossa equipe.<br \/>\nNosso objetivo \u00e9 fornecer os melhores cuidados de sa\u00fade aos nossos pacientes e acreditamos que sua expertise far\u00e1 a diferen\u00e7a.<\/p>\n<p>Requisitos:<br \/>\n&#8211; Ter forma\u00e7\u00e3o T\u00e9cnica em Radiologia;<br \/>\n&#8211; Experi\u00eancia comprovada em Hemodin\u00e2mica;<br \/>\n&#8211; Registro profissional atualizado;<br \/>\n&#8211; Disponibilidade para trabalhar em turnos e\/ou fins de semana;<br \/>\n&#8211; Boas habilidades interpessoais e comunica\u00e7\u00e3o.<\/p>\n<p>Responsabilidades:<br \/>\n&#8211; Realizar exames de Hemodin\u00e2mica de acordo com as normas e procedimentos estabelecidos;<br \/>\n&#8211; Manter e operar equipamentos de alta tecnologia;<br \/>\n&#8211; Documentar e relatar resultados de exames;<br \/>\n&#8211; Colaborar com o time m\u00e9dico para garantir a melhor assist\u00eancia aos pacientes.<\/p>\n<p>N\u00f3s oferecemos:<br \/>\n&#8211; Um ambiente de trabalho desafiador e gratificante;<br \/>\n&#8211; Oportunidades de crescimento profissional;<br \/>\n&#8211; Um time dedicado e comprometido com a qualidade dos servi\u00e7os prestados.<\/p>\n<p>Se voc\u00ea se identificou com as habilidades e responsabilidades acima e deseja fazer parte da nossa equipe, envie-nos seu curr\u00edculo atualizado.<br \/>\nAguardamos sua contribui\u00e7\u00e3o para a nossa miss\u00e3o de fornecer os melhores cuidados de sa\u00fade aos nossos pacientes.<\/p>\n<ul>\n<li>Local de trabalho: Rio de Janeiro, RJ<\/li>\n<li>Regime de contrata\u00e7\u00e3o de tipo: Efetivo \u2013 CLT<\/li>\n<li>Jornada: Per\u00edodo Integral<\/li>\n<li>\u00c1rea e especializa\u00e7\u00e3o profissional: Sa\u00fade &#8211; Radiologia<\/li>\n<li>N\u00edvel hier\u00e1rquico: Assistente<\/li>\n<\/ul>\n<p>HABILIDADES<\/p>\n<ul>\n<li>Hemodin\u00e2mica<\/li>\n<\/ul>\n<p>Escolaridade M\u00ednima: Curso T\u00e9cnico<\/p>\n<ul>\n<li>Gympass<\/li>\n<li>Plataforma de Cursos<\/li>\n<li>Telepsicologia<\/li>\n<li>Telenutri\u00e7\u00e3o<\/li>\n<li>Vale Alimenta\u00e7\u00e3o<\/li>\n<li>Cesta natalidade<\/li>\n<li>Almo\u00e7o<\/li>\n<li>Assist\u00eancia Odontol\u00f3gica<\/li>\n<li>Assist\u00eancia M\u00e9dica<\/li>\n<li>Lanche da tarde<\/li>\n<li>Caf\u00e9 da manh\u00e3<\/li>\n<li>Conv\u00eanio Farm\u00e1cia<\/li>\n<li>Conv\u00eanio Sesc<\/li>\n<\/ul>\n","protected":false},"excerpt":{"rendered":"<p>N\u00f3s da CASA DE SA\u00daDE S\u00c3O JOSE estamos \u00e0 procura de um T\u00e9cnico de Radiologia especializado em Hemodin\u00e2mica para integrar nossa equipe. Nosso objetivo \u00e9 fornecer os melhores cuidados de sa\u00fade aos nossos pacientes e acreditamos que sua expertise far\u00e1 a diferen\u00e7a. Requisitos: &#8211; Ter forma\u00e7\u00e3o T\u00e9cnica em Radiologia; &#8211; Experi\u00eancia comprovada em Hemodin\u00e2mica; &#8211; [&hellip;]<\/p>\n","protected":false},"author":1,"featured_media":0,"comment_status":"open","ping_status":"open","sticky":false,"template":"","format":"standard","meta":{"footnotes":""},"categories":[21],"tags":[],"class_list":["post-6967","post","type-post","status-publish","format-standard","hentry","category-rio-de-janeiro-rj"],"_links":{"self":[{"href":"https:\/\/vagas.portalemprego.com.br\/index.php?rest_route=\/wp\/v2\/posts\/6967","targetHints":{"allow":["GET"]}}],"collection":[{"href":"https:\/\/vagas.portalemprego.com.br\/index.php?rest_route=\/wp\/v2\/posts"}],"about":[{"href":"https:\/\/vagas.portalemprego.com.br\/index.php?rest_route=\/wp\/v2\/types\/post"}],"author":[{"embeddable":true,"href":"https:\/\/vagas.portalemprego.com.br\/index.php?rest_route=\/wp\/v2\/users\/1"}],"replies":[{"embeddable":true,"href":"https:\/\/vagas.portalemprego.com.br\/index.php?rest_route=%2Fwp%2Fv2%2Fcomments&post=6967"}],"version-history":[{"count":0,"href":"https:\/\/vagas.portalemprego.com.br\/index.php?rest_route=\/wp\/v2\/posts\/6967\/revisions"}],"wp:attachment":[{"href":"https:\/\/vagas.portalemprego.com.br\/index.php?rest_route=%2Fwp%2Fv2%2Fmedia&parent=6967"}],"wp:term":[{"taxonomy":"category","embeddable":true,"href":"https:\/\/vagas.portalemprego.com.br\/index.php?rest_route=%2Fwp%2Fv2%2Fcategories&post=6967"},{"taxonomy":"post_tag","embeddable":true,"href":"https:\/\/vagas.portalemprego.com.br\/index.php?rest_route=%2Fwp%2Fv2%2Ftags&post=6967"}],"curies":[{"name":"wp","href":"https:\/\/api.w.org\/{rel}","templated":true}]}}