{"id":6969,"date":"2026-04-29T06:23:23","date_gmt":"2026-04-29T09:23:23","guid":{"rendered":"https:\/\/vagas.portalemprego.com.br\/?p=6969"},"modified":"2026-04-29T06:23:23","modified_gmt":"2026-04-29T09:23:23","slug":"auxiliar-de-cozinha-alimentacao-gastronomia-rio-de-janeiro-50","status":"publish","type":"post","link":"https:\/\/vagas.portalemprego.com.br\/?p=6969","title":{"rendered":"Auxiliar de Cozinha &#8211; Alimenta\u00e7\u00e3o \/ Gastronomia &#8211; Rio de Janeiro"},"content":{"rendered":"<p>Rede de Restaurante busca  Auxiliar de Cozinha para se juntar a sua equipe no Shopping Rio Sul.<\/p>\n<p>Pr\u00e9-requisitos:<br \/>\nExperi\u00eancia na fun\u00e7\u00e3o<br \/>\nF\u00e1cil acesso<br \/>\nDisponibilidade de hor\u00e1rio<\/p>\n<p>Sal\u00e1rio + comiss\u00e3o  + VT + Alimenta\u00e7\u00e3o no local + Plano de sa\u00fade e odontol\u00f3gico (3 meses depois e co participa\u00e7\u00e3o)<br \/>\nHor\u00e1rio : A combinar (necess\u00e1rio possuir disponibilidade de hor\u00e1rio)<br \/>\nEscala 6&#215;1<\/p>\n<ul>\n<li>Local de trabalho: Rio de Janeiro, RJ<\/li>\n<li>Regime de contrata\u00e7\u00e3o de tipo: Efetivo \u2013 CLT<\/li>\n<li>Jornada: Per\u00edodo Integral<\/li>\n<li>\u00c1rea e especializa\u00e7\u00e3o profissional: Alimenta\u00e7\u00e3o \/ Gastronomia &#8211; Cozinha<\/li>\n<li>N\u00edvel hier\u00e1rquico: Auxiliar<\/li>\n<\/ul>\n<p>Escolaridade M\u00ednima: Ensino M\u00e9dio (2\u00ba Grau)<\/p>\n","protected":false},"excerpt":{"rendered":"<p>Rede de Restaurante busca Auxiliar de Cozinha para se juntar a sua equipe no Shopping Rio Sul. Pr\u00e9-requisitos: Experi\u00eancia na fun\u00e7\u00e3o F\u00e1cil acesso Disponibilidade de hor\u00e1rio Sal\u00e1rio + comiss\u00e3o + VT + Alimenta\u00e7\u00e3o no local + Plano de sa\u00fade e odontol\u00f3gico (3 meses depois e co participa\u00e7\u00e3o) Hor\u00e1rio : A combinar (necess\u00e1rio possuir disponibilidade de [&hellip;]<\/p>\n","protected":false},"author":1,"featured_media":0,"comment_status":"open","ping_status":"open","sticky":false,"template":"","format":"standard","meta":{"footnotes":""},"categories":[21],"tags":[],"class_list":["post-6969","post","type-post","status-publish","format-standard","hentry","category-rio-de-janeiro-rj"],"_links":{"self":[{"href":"https:\/\/vagas.portalemprego.com.br\/index.php?rest_route=\/wp\/v2\/posts\/6969","targetHints":{"allow":["GET"]}}],"collection":[{"href":"https:\/\/vagas.portalemprego.com.br\/index.php?rest_route=\/wp\/v2\/posts"}],"about":[{"href":"https:\/\/vagas.portalemprego.com.br\/index.php?rest_route=\/wp\/v2\/types\/post"}],"author":[{"embeddable":true,"href":"https:\/\/vagas.portalemprego.com.br\/index.php?rest_route=\/wp\/v2\/users\/1"}],"replies":[{"embeddable":true,"href":"https:\/\/vagas.portalemprego.com.br\/index.php?rest_route=%2Fwp%2Fv2%2Fcomments&post=6969"}],"version-history":[{"count":0,"href":"https:\/\/vagas.portalemprego.com.br\/index.php?rest_route=\/wp\/v2\/posts\/6969\/revisions"}],"wp:attachment":[{"href":"https:\/\/vagas.portalemprego.com.br\/index.php?rest_route=%2Fwp%2Fv2%2Fmedia&parent=6969"}],"wp:term":[{"taxonomy":"category","embeddable":true,"href":"https:\/\/vagas.portalemprego.com.br\/index.php?rest_route=%2Fwp%2Fv2%2Fcategories&post=6969"},{"taxonomy":"post_tag","embeddable":true,"href":"https:\/\/vagas.portalemprego.com.br\/index.php?rest_route=%2Fwp%2Fv2%2Ftags&post=6969"}],"curies":[{"name":"wp","href":"https:\/\/api.w.org\/{rel}","templated":true}]}}