{"id":6970,"date":"2026-04-29T06:23:23","date_gmt":"2026-04-29T09:23:23","guid":{"rendered":"https:\/\/vagas.portalemprego.com.br\/?p=6970"},"modified":"2026-04-29T06:23:23","modified_gmt":"2026-04-29T09:23:23","slug":"estagio-arquitetura-arquitetura-decoracao-design-rio-de-janeiro","status":"publish","type":"post","link":"https:\/\/vagas.portalemprego.com.br\/?p=6970","title":{"rendered":"Est\u00e1gio Arquitetura &#8211; Arquitetura, Decora\u00e7\u00e3o, Design &#8211; Rio de Janeiro"},"content":{"rendered":"<p>Est\u00e1gio em Arquitetura<\/p>\n<p>Estamos buscando um estudante de Arquitetura para se juntar ao nosso time em um programa de est\u00e1gio.<br \/>\nEste est\u00e1gio oferece uma oportunidade \u00fanica de aprender e contribuir para projetos de arquitetura de ponta.<br \/>\nO candidato selecionado trabalhar\u00e1 em estreita colabora\u00e7\u00e3o com profissionais experientes, participando de projetos desde o in\u00edcio at\u00e9 a conclus\u00e3o.<\/p>\n<p>Durante o est\u00e1gio, voc\u00ea ter\u00e1 a oportunidade de aprender sobre os processos de design arquitet\u00f4nico, desde a concep\u00e7\u00e3o at\u00e9 a execu\u00e7\u00e3o.<br \/>\nVoc\u00ea ser\u00e1 respons\u00e1vel por auxiliar na prepara\u00e7\u00e3o de projetos, incluindo a cria\u00e7\u00e3o de plantas, eleva\u00e7\u00f5es e se\u00e7\u00f5es.<br \/>\nAl\u00e9m disso, voc\u00ea participar\u00e1 de reuni\u00f5es de equipe, onde aprender\u00e1 sobre as melhores pr\u00e1ticas e inova\u00e7\u00f5es na arquitetura contempor\u00e2nea.<\/p>\n<p>Este est\u00e1gio \u00e9 ideal para algu\u00e9m que est\u00e1 buscando experi\u00eancia pr\u00e1tica e quer entender melhor o lado pr\u00e1tico da arquitetura.<br \/>\nO candidato dever\u00e1 demonstrar interesse em aprender e contribuir para um ambiente de trabalho din\u00e2mico e colaborativo.<\/p>\n<p>Requisitos:<br \/>\n&#8211; Estudante de Arquitetura em curso de gradua\u00e7\u00e3o.<br \/>\n&#8211; Bom conhecimento em softwares de design arquitet\u00f4nico.<br \/>\n&#8211; Capacidade de trabalhar em equipe e comunica\u00e7\u00e3o eficaz.<br \/>\n&#8211; Disponibilidade para trabalhar em hor\u00e1rio comercial.<\/p>\n<p>Se voc\u00ea \u00e9 um estudante de Arquitetura que busca uma experi\u00eancia enriquecedora e est\u00e1 interessado em aprender mais sobre o campo da arquitetura, esta oportunidade \u00e9 para voc\u00ea.<br \/>\nJunte-se a n\u00f3s e fa\u00e7a parte de um projeto inovador e desafiador.<\/p>\n<ul>\n<li>Local de trabalho: Rio de Janeiro, RJ<\/li>\n<li>Regime de contrata\u00e7\u00e3o de tipo: Est\u00e1gio<\/li>\n<li>Jornada: Per\u00edodo Integral<\/li>\n<li>\u00c1rea e especializa\u00e7\u00e3o profissional: Arquitetura, Decora\u00e7\u00e3o, Design &#8211; Projetista<\/li>\n<li>N\u00edvel hier\u00e1rquico: Estagi\u00e1rio<\/li>\n<\/ul>\n<p>Escolaridade M\u00ednima: Ensino Superior<\/p>\n","protected":false},"excerpt":{"rendered":"<p>Est\u00e1gio em Arquitetura Estamos buscando um estudante de Arquitetura para se juntar ao nosso time em um programa de est\u00e1gio. Este est\u00e1gio oferece uma oportunidade \u00fanica de aprender e contribuir para projetos de arquitetura de ponta. O candidato selecionado trabalhar\u00e1 em estreita colabora\u00e7\u00e3o com profissionais experientes, participando de projetos desde o in\u00edcio at\u00e9 a conclus\u00e3o. [&hellip;]<\/p>\n","protected":false},"author":1,"featured_media":0,"comment_status":"open","ping_status":"open","sticky":false,"template":"","format":"standard","meta":{"footnotes":""},"categories":[21],"tags":[],"class_list":["post-6970","post","type-post","status-publish","format-standard","hentry","category-rio-de-janeiro-rj"],"_links":{"self":[{"href":"https:\/\/vagas.portalemprego.com.br\/index.php?rest_route=\/wp\/v2\/posts\/6970","targetHints":{"allow":["GET"]}}],"collection":[{"href":"https:\/\/vagas.portalemprego.com.br\/index.php?rest_route=\/wp\/v2\/posts"}],"about":[{"href":"https:\/\/vagas.portalemprego.com.br\/index.php?rest_route=\/wp\/v2\/types\/post"}],"author":[{"embeddable":true,"href":"https:\/\/vagas.portalemprego.com.br\/index.php?rest_route=\/wp\/v2\/users\/1"}],"replies":[{"embeddable":true,"href":"https:\/\/vagas.portalemprego.com.br\/index.php?rest_route=%2Fwp%2Fv2%2Fcomments&post=6970"}],"version-history":[{"count":0,"href":"https:\/\/vagas.portalemprego.com.br\/index.php?rest_route=\/wp\/v2\/posts\/6970\/revisions"}],"wp:attachment":[{"href":"https:\/\/vagas.portalemprego.com.br\/index.php?rest_route=%2Fwp%2Fv2%2Fmedia&parent=6970"}],"wp:term":[{"taxonomy":"category","embeddable":true,"href":"https:\/\/vagas.portalemprego.com.br\/index.php?rest_route=%2Fwp%2Fv2%2Fcategories&post=6970"},{"taxonomy":"post_tag","embeddable":true,"href":"https:\/\/vagas.portalemprego.com.br\/index.php?rest_route=%2Fwp%2Fv2%2Ftags&post=6970"}],"curies":[{"name":"wp","href":"https:\/\/api.w.org\/{rel}","templated":true}]}}