{"id":6973,"date":"2026-04-29T06:23:23","date_gmt":"2026-04-29T09:23:23","guid":{"rendered":"https:\/\/vagas.portalemprego.com.br\/?p=6973"},"modified":"2026-04-29T06:23:23","modified_gmt":"2026-04-29T09:23:23","slug":"recepcionista-hospitalar-saude-rio-de-janeiro-2","status":"publish","type":"post","link":"https:\/\/vagas.portalemprego.com.br\/?p=6973","title":{"rendered":"Recepcionista Hospitalar &#8211; Sa\u00fade &#8211; Rio de Janeiro"},"content":{"rendered":"<p>Empresa na \u00e1rea da sa\u00fade contrata para atuar em um de seus hospitais localizado no Rio de Janeiro.<br \/>\nO profissional atuar\u00e1 com atendimento ao paciente para abertura de prontu\u00e1rios, e contato com os conv\u00eanios para libera\u00e7\u00e3o de atendimento.<\/p>\n<p>Perfil esperado \/ requisitos<\/p>\n<p>Ensino M\u00e9dio Completo;<br \/>\nExperiencia como Recepcionista Hospitalar;<br \/>\nTer atuado recep\u00e7\u00e3o de Interna\u00e7\u00e3o \/ Emerg\u00eancia;<br \/>\nTer atuado com autoriza\u00e7\u00e3o de exames ser\u00e1 considerado um diferencial.<\/p>\n<ul>\n<li>Local de trabalho: Rio de Janeiro, RJ<\/li>\n<li>Regime de contrata\u00e7\u00e3o de tipo: Tempor\u00e1rio<\/li>\n<li>Jornada: Per\u00edodo Integral<\/li>\n<li>\u00c1rea e especializa\u00e7\u00e3o profissional: Sa\u00fade &#8211; Outras Especialidades M\u00e9dicas<\/li>\n<li>N\u00edvel hier\u00e1rquico: Auxiliar<\/li>\n<\/ul>\n<p>VALORIZADO<\/p>\n<p>Tempo de experi\u00eancia: Entre 1 e 3 anos<\/p>\n<p>Escolaridade M\u00ednima: Ensino M\u00e9dio (2\u00ba Grau)<\/p>\n<ul>\n<li>Vale Transporte e Refei\u00e7\u00e3o no Local<\/li>\n<\/ul>\n","protected":false},"excerpt":{"rendered":"<p>Empresa na \u00e1rea da sa\u00fade contrata para atuar em um de seus hospitais localizado no Rio de Janeiro. O profissional atuar\u00e1 com atendimento ao paciente para abertura de prontu\u00e1rios, e contato com os conv\u00eanios para libera\u00e7\u00e3o de atendimento. Perfil esperado \/ requisitos Ensino M\u00e9dio Completo; Experiencia como Recepcionista Hospitalar; Ter atuado recep\u00e7\u00e3o de Interna\u00e7\u00e3o \/ [&hellip;]<\/p>\n","protected":false},"author":1,"featured_media":0,"comment_status":"open","ping_status":"open","sticky":false,"template":"","format":"standard","meta":{"footnotes":""},"categories":[21],"tags":[],"class_list":["post-6973","post","type-post","status-publish","format-standard","hentry","category-rio-de-janeiro-rj"],"_links":{"self":[{"href":"https:\/\/vagas.portalemprego.com.br\/index.php?rest_route=\/wp\/v2\/posts\/6973","targetHints":{"allow":["GET"]}}],"collection":[{"href":"https:\/\/vagas.portalemprego.com.br\/index.php?rest_route=\/wp\/v2\/posts"}],"about":[{"href":"https:\/\/vagas.portalemprego.com.br\/index.php?rest_route=\/wp\/v2\/types\/post"}],"author":[{"embeddable":true,"href":"https:\/\/vagas.portalemprego.com.br\/index.php?rest_route=\/wp\/v2\/users\/1"}],"replies":[{"embeddable":true,"href":"https:\/\/vagas.portalemprego.com.br\/index.php?rest_route=%2Fwp%2Fv2%2Fcomments&post=6973"}],"version-history":[{"count":0,"href":"https:\/\/vagas.portalemprego.com.br\/index.php?rest_route=\/wp\/v2\/posts\/6973\/revisions"}],"wp:attachment":[{"href":"https:\/\/vagas.portalemprego.com.br\/index.php?rest_route=%2Fwp%2Fv2%2Fmedia&parent=6973"}],"wp:term":[{"taxonomy":"category","embeddable":true,"href":"https:\/\/vagas.portalemprego.com.br\/index.php?rest_route=%2Fwp%2Fv2%2Fcategories&post=6973"},{"taxonomy":"post_tag","embeddable":true,"href":"https:\/\/vagas.portalemprego.com.br\/index.php?rest_route=%2Fwp%2Fv2%2Ftags&post=6973"}],"curies":[{"name":"wp","href":"https:\/\/api.w.org\/{rel}","templated":true}]}}