{"id":6974,"date":"2026-04-29T06:23:23","date_gmt":"2026-04-29T09:23:23","guid":{"rendered":"https:\/\/vagas.portalemprego.com.br\/?p=6974"},"modified":"2026-04-29T06:23:23","modified_gmt":"2026-04-29T09:23:23","slug":"porteiro-zelador-vigia-seguranca-rio-de-janeiro-2","status":"publish","type":"post","link":"https:\/\/vagas.portalemprego.com.br\/?p=6974","title":{"rendered":"Porteiro \/ Zelador \/ Vigia &#8211; Seguran\u00e7a &#8211; Rio de Janeiro"},"content":{"rendered":"<p>Fa\u00e7a Parte do Time de Excel\u00eancia do GRUPO GISA!<\/p>\n<p>Ol\u00e1, Candidato(a)!<\/p>\n<p>Estamos em busca de profissionais dedicados para se juntarem ao nosso time nas fun\u00e7\u00f5es de Porteiros, Vigias, Controladores de Acesso, Rondas e Zeladores. Se voc\u00ea \u00e9 motivado, tem uma postura profissional e habilidades interpessoais excepcionais, queremos conhec\u00ea-lo!<\/p>\n<p>O que esperamos de voc\u00ea:<\/p>\n<p>Comprometimento com assiduidade e pontualidade.<br \/>\nEnsino M\u00e9dio Completo.<br \/>\nHabilidade com computadores, especialmente em sistemas de controle de acesso.<br \/>\nCapacidade de trabalhar em equipe e manter um ambiente positivo.<br \/>\nAten\u00e7\u00e3o aos detalhes, proatividade e organiza\u00e7\u00e3o.<br \/>\nGosto por interagir e ajudar o p\u00fablico.<br \/>\nSuas responsabilidades incluir\u00e3o:<\/p>\n<p>Garantir o controle de acesso e sa\u00edda de visitantes e funcion\u00e1rios.<br \/>\nGerenciar chamadas e correspond\u00eancias com efici\u00eancia.<br \/>\nManter registros e relat\u00f3rios di\u00e1rios precisos.<br \/>\nApoiar a equipe em tarefas administrativas e de seguran\u00e7a.<br \/>\nPara Zeladores: Auxiliar nas tarefas di\u00e1rias dos clientes, com no\u00e7\u00f5es para execu\u00e7\u00e3o de pequenas manuten\u00e7\u00f5es r\u00e1pidas n\u00e3o especializadas.<br \/>\nO que oferecemos:<\/p>\n<p>Um ambiente de trabalho din\u00e2mico e recompensador.<br \/>\nOportunidades reais de crescimento e desenvolvimento profissional.<br \/>\nUma equipe dedicada e comprometida com a excel\u00eancia.<br \/>\nSe voc\u00ea se identifica com essa oportunidade e est\u00e1 pronto para contribuir com o sucesso do GRUPO GISA, envie seu curr\u00edculo atualizado. Nossos postos de trabalho est\u00e3o principalmente localizados no Recreio dos Bandeirantes, Barra da Tijuca, Valqueire, Campinho, Iraj\u00e1, entre outros bairros.<\/p>\n<p>Estamos entusiasmados para receber sua candidatura e construir um futuro de sucesso juntos!<\/p>\n<p>Atenciosamente,<br \/>\nTime de Recrutamento e Sele\u00e7\u00e3o do GRUPO GISA<\/p>\n<ul>\n<li>N\u00famero de vagas: 100<\/li>\n<li>Local de trabalho: Rio de Janeiro, RJ<\/li>\n<li>Regime de contrata\u00e7\u00e3o de tipo: Efetivo \u2013 CLT<\/li>\n<li>Jornada: Per\u00edodo Integral<\/li>\n<li>\u00c1rea e especializa\u00e7\u00e3o profissional: Seguran\u00e7a &#8211; Portaria Industrial, Comercial, Resid\u00eancial<\/li>\n<li>N\u00edvel hier\u00e1rquico: Operacional<\/li>\n<\/ul>\n<p>HABILIDADES<\/p>\n<ul>\n<li>POSTURA PROFISSIONAL<\/li>\n<li>CAPACIDADE DE OBSERVA\u00c7\u00c3O<\/li>\n<li>BOA COMUNICA\u00c7\u00c3O<\/li>\n<li>PONTUALIDADE<\/li>\n<li>PROATIVIDADE<\/li>\n<li>TRABALHO EM EQUIPE<\/li>\n<li>HABILIDADE COM COMPUTADOR<\/li>\n<li>LIDERAN\u00c7A<\/li>\n<\/ul>\n<p>Escolaridade M\u00ednima: Ensino M\u00e9dio (2\u00ba Grau)<\/p>\n<p>Forma\u00e7\u00e3o desejada:<\/p>\n<ul>\n<li>Ensino M\u00e9dio (2\u00ba Grau)<\/li>\n<\/ul>\n<ul>\n<li>Vale-transporte<\/li>\n<li>Alimenta\u00e7\u00e3o<\/li>\n<\/ul>\n","protected":false},"excerpt":{"rendered":"<p>Fa\u00e7a Parte do Time de Excel\u00eancia do GRUPO GISA! Ol\u00e1, Candidato(a)! Estamos em busca de profissionais dedicados para se juntarem ao nosso time nas fun\u00e7\u00f5es de Porteiros, Vigias, Controladores de Acesso, Rondas e Zeladores. Se voc\u00ea \u00e9 motivado, tem uma postura profissional e habilidades interpessoais excepcionais, queremos conhec\u00ea-lo! O que esperamos de voc\u00ea: Comprometimento com [&hellip;]<\/p>\n","protected":false},"author":1,"featured_media":0,"comment_status":"open","ping_status":"open","sticky":false,"template":"","format":"standard","meta":{"footnotes":""},"categories":[21],"tags":[],"class_list":["post-6974","post","type-post","status-publish","format-standard","hentry","category-rio-de-janeiro-rj"],"_links":{"self":[{"href":"https:\/\/vagas.portalemprego.com.br\/index.php?rest_route=\/wp\/v2\/posts\/6974","targetHints":{"allow":["GET"]}}],"collection":[{"href":"https:\/\/vagas.portalemprego.com.br\/index.php?rest_route=\/wp\/v2\/posts"}],"about":[{"href":"https:\/\/vagas.portalemprego.com.br\/index.php?rest_route=\/wp\/v2\/types\/post"}],"author":[{"embeddable":true,"href":"https:\/\/vagas.portalemprego.com.br\/index.php?rest_route=\/wp\/v2\/users\/1"}],"replies":[{"embeddable":true,"href":"https:\/\/vagas.portalemprego.com.br\/index.php?rest_route=%2Fwp%2Fv2%2Fcomments&post=6974"}],"version-history":[{"count":0,"href":"https:\/\/vagas.portalemprego.com.br\/index.php?rest_route=\/wp\/v2\/posts\/6974\/revisions"}],"wp:attachment":[{"href":"https:\/\/vagas.portalemprego.com.br\/index.php?rest_route=%2Fwp%2Fv2%2Fmedia&parent=6974"}],"wp:term":[{"taxonomy":"category","embeddable":true,"href":"https:\/\/vagas.portalemprego.com.br\/index.php?rest_route=%2Fwp%2Fv2%2Fcategories&post=6974"},{"taxonomy":"post_tag","embeddable":true,"href":"https:\/\/vagas.portalemprego.com.br\/index.php?rest_route=%2Fwp%2Fv2%2Ftags&post=6974"}],"curies":[{"name":"wp","href":"https:\/\/api.w.org\/{rel}","templated":true}]}}