{"id":6977,"date":"2026-04-29T06:23:23","date_gmt":"2026-04-29T09:23:23","guid":{"rendered":"https:\/\/vagas.portalemprego.com.br\/?p=6977"},"modified":"2026-04-29T06:23:23","modified_gmt":"2026-04-29T09:23:23","slug":"tecnico-administrativo-logistica-logistica-rio-de-janeiro","status":"publish","type":"post","link":"https:\/\/vagas.portalemprego.com.br\/?p=6977","title":{"rendered":"T\u00c9CNICO ADMINISTRATIVO LOG\u00cdSTICA &#8211; Log\u00edstica &#8211; Rio de Janeiro"},"content":{"rendered":"<p>Estimado(a) Candidato(a),<\/p>\n<p>N\u00f3s nos complace anunciar uma oportunidade em nossa empresa, ACCERTH SERVICOS E TECNOLOGIA LTDA, para o cargo de T\u00c9CNICO ADMINISTRATIVO LOG\u00cdSTICA.<\/p>\n<p>Requisitos:<\/p>\n<p>1.Realizar atividades auxiliares, assess\u00f3rias, planejadas,<br \/>\ncontrole de estoque e instrumentais necess\u00e1rias para a<br \/>\nexecu\u00e7\u00e3o dos processos das atividades de Fiscaliza\u00e7\u00e3o de<br \/>\nCampo de produtos e servi\u00e7os da Unidade <\/p>\n<p>2.Verificar as frentes de Servi\u00e7os operacionais<br \/>\ndesenvolvidas nas instala\u00e7\u00f5es da UN-AM<br \/>\n(BOGPM\/URUCU), verificando o cumprimento dos<br \/>\nprojetos em conformidade com as especifica\u00e7\u00f5es e<br \/>\natendimento cronograma f\u00edsico, financeiro e temporal,<br \/>\nbem como o cumprimento do Manual de Gest\u00e3o da<br \/>\nUnidade, legisla\u00e7\u00e3o, padr\u00f5es e normas t\u00e9cnicas<br \/>\naplic\u00e1veis.<\/p>\n<p>3. Realizar inspe\u00e7\u00f5es planejadas nas frentes de<br \/>\nservi\u00e7os e canteiros de obra. Auxiliar na realiza\u00e7\u00e3o de<br \/>\nAuditorias comportamentais.<\/p>\n<p>4.Desenvolver projetos complementares e executivos<br \/>\npara realiza\u00e7\u00e3o das atividades. Arquivamento dos<br \/>\ndocumentos e registros relacionados ao contratos e<br \/>\ndocumenta\u00e7\u00e3o t\u00e9cnica de execu\u00e7\u00e3o. Participar de<br \/>\neventuais Grupos de Trabalho. <\/p>\n<p>N\u00f3s acreditamos que sua experi\u00eancia e habilidades se alinham perfeitamente com nossas necessidades e estamos ansiosos para considerar sua candidatura.<br \/>\nSe voc\u00ea est\u00e1 interessado, por favor, envie sua documenta\u00e7\u00e3o e qualifica\u00e7\u00f5es para nossa equipe.<\/p>\n<ul>\n<li>Local de trabalho: Rio de Janeiro, RJ<\/li>\n<li>Regime de contrata\u00e7\u00e3o de tipo: Efetivo \u2013 CLT<\/li>\n<li>Jornada: Per\u00edodo Integral<\/li>\n<li>\u00c1rea e especializa\u00e7\u00e3o profissional: Log\u00edstica &#8211; Log\u00edstica<\/li>\n<li>N\u00edvel hier\u00e1rquico: Analista<\/li>\n<\/ul>\n<p>VALORIZADO<\/p>\n<p>Tempo de experi\u00eancia: Entre 1 e 3 anos<\/p>\n<p>HABILIDADES<\/p>\n<ul>\n<li>inform\u00e1tica n\u00edvel avan\u00e7ado<\/li>\n<li>SAP<\/li>\n<li>Registro em Conselho de Classe<\/li>\n<li>Disponibilidade para trabalhar embarcado<\/li>\n<\/ul>\n<p>Escolaridade M\u00ednima: Ensino Superior<\/p>\n<p>Forma\u00e7\u00e3o desejada:<\/p>\n<ul>\n<li>Log\u00edstica, Ensino Superior<\/li>\n<\/ul>\n<p>Disponibilidade para viajar<\/p>\n<p>Sal\u00e1rio: 4000,0<\/p>\n","protected":false},"excerpt":{"rendered":"<p>Estimado(a) Candidato(a), N\u00f3s nos complace anunciar uma oportunidade em nossa empresa, ACCERTH SERVICOS E TECNOLOGIA LTDA, para o cargo de T\u00c9CNICO ADMINISTRATIVO LOG\u00cdSTICA. Requisitos: 1.Realizar atividades auxiliares, assess\u00f3rias, planejadas, controle de estoque e instrumentais necess\u00e1rias para a execu\u00e7\u00e3o dos processos das atividades de Fiscaliza\u00e7\u00e3o de Campo de produtos e servi\u00e7os da Unidade 2.Verificar as frentes [&hellip;]<\/p>\n","protected":false},"author":1,"featured_media":0,"comment_status":"open","ping_status":"open","sticky":false,"template":"","format":"standard","meta":{"footnotes":""},"categories":[21],"tags":[],"class_list":["post-6977","post","type-post","status-publish","format-standard","hentry","category-rio-de-janeiro-rj"],"_links":{"self":[{"href":"https:\/\/vagas.portalemprego.com.br\/index.php?rest_route=\/wp\/v2\/posts\/6977","targetHints":{"allow":["GET"]}}],"collection":[{"href":"https:\/\/vagas.portalemprego.com.br\/index.php?rest_route=\/wp\/v2\/posts"}],"about":[{"href":"https:\/\/vagas.portalemprego.com.br\/index.php?rest_route=\/wp\/v2\/types\/post"}],"author":[{"embeddable":true,"href":"https:\/\/vagas.portalemprego.com.br\/index.php?rest_route=\/wp\/v2\/users\/1"}],"replies":[{"embeddable":true,"href":"https:\/\/vagas.portalemprego.com.br\/index.php?rest_route=%2Fwp%2Fv2%2Fcomments&post=6977"}],"version-history":[{"count":0,"href":"https:\/\/vagas.portalemprego.com.br\/index.php?rest_route=\/wp\/v2\/posts\/6977\/revisions"}],"wp:attachment":[{"href":"https:\/\/vagas.portalemprego.com.br\/index.php?rest_route=%2Fwp%2Fv2%2Fmedia&parent=6977"}],"wp:term":[{"taxonomy":"category","embeddable":true,"href":"https:\/\/vagas.portalemprego.com.br\/index.php?rest_route=%2Fwp%2Fv2%2Fcategories&post=6977"},{"taxonomy":"post_tag","embeddable":true,"href":"https:\/\/vagas.portalemprego.com.br\/index.php?rest_route=%2Fwp%2Fv2%2Ftags&post=6977"}],"curies":[{"name":"wp","href":"https:\/\/api.w.org\/{rel}","templated":true}]}}