{"id":6979,"date":"2026-04-29T06:23:23","date_gmt":"2026-04-29T09:23:23","guid":{"rendered":"https:\/\/vagas.portalemprego.com.br\/?p=6979"},"modified":"2026-04-29T06:23:23","modified_gmt":"2026-04-29T09:23:23","slug":"assistente-administrativo-administracao-rio-de-janeiro-17","status":"publish","type":"post","link":"https:\/\/vagas.portalemprego.com.br\/?p=6979","title":{"rendered":"Assistente Administrativo &#8211; Administra\u00e7\u00e3o &#8211; Rio de Janeiro"},"content":{"rendered":"<p>Estimado(a) Candidato(a),<\/p>\n<p>N\u00f3s da ACCERTH SERVICOS E TECNOLOGIA LTDA estamos \u00e0 procura de um Assistente Administrativo para se juntar \u00e0 nossa equipe, prestando servi\u00e7os em nosso cliente no centro do RJ.<br \/>\nN\u00f3s acreditamos que sua experi\u00eancia e habilidades se encaixam perfeitamente no que procuramos.<\/p>\n<p>Requisitos:<br \/>\n&#8211; Conhecimento dos sistemas\/ambientes SAP<br \/>\n&#8211; Conhecimento avan\u00e7ado dos softwares do pacote Office, incluindo Power BI<\/p>\n<p>Responsabilidades:<br \/>\n&#8211; Fornecer suporte administrativo aos nossos gerentes e equipe<br \/>\n&#8211; Gerenciar e atualizar nossos sistemas SAP<br \/>\n&#8211; Gerar relat\u00f3rios usando o Power BI<\/p>\n<p>N\u00f3s oferecemos:<br \/>\n&#8211; Um ambiente de trabalho desafiador e gratificante<br \/>\n&#8211; Oportunidades de crescimento profissional<br \/>\n&#8211; Um sal\u00e1rio competitivo<\/p>\n<p>Se voc\u00ea est\u00e1 interessado em se juntar \u00e0 nossa equipe, por favor envie seu curr\u00edculo atualizado para nossa equipe de RH.<br \/>\nACCERTH SERVICOS E TECNOLOGIA LTDA \u00e9 um empregador de igualdade de oportunidades.<\/p>\n<p>Aguardo sua resposta.<\/p>\n<p>Equipe de RH da ACCERTH SERVICOS E TECNOLOGIA LTDA<\/p>\n<ul>\n<li>Local de trabalho: Rio de Janeiro, RJ<\/li>\n<li>Regime de contrata\u00e7\u00e3o de tipo: Efetivo \u2013 CLT<\/li>\n<li>Jornada: Per\u00edodo Integral<\/li>\n<li>\u00c1rea e especializa\u00e7\u00e3o profissional: Administra\u00e7\u00e3o &#8211; Administra\u00e7\u00e3o Geral<\/li>\n<li>N\u00edvel hier\u00e1rquico: Assistente<\/li>\n<\/ul>\n<p>VALORIZADO<\/p>\n<p>Tempo de experi\u00eancia: Entre 3 e 5 anos<\/p>\n<p>HABILIDADES<\/p>\n<ul>\n<li>Conhecimento avan\u00e7ado dos softwares do pacote Office, incluindo Power BI.<\/li>\n<li>Conhecimento dos sistema(s)\/ambiente(s) SAP.<\/li>\n<\/ul>\n<p>Escolaridade M\u00ednima: Ensino Superior<\/p>\n<p>Forma\u00e7\u00e3o desejada:<\/p>\n<ul>\n<li>Administra\u00e7\u00e3o de empresas, P\u00f3s-gradua\u00e7\u00e3o &#8211; Especializa\u00e7\u00e3o\/MBA<\/li>\n<\/ul>\n<p>Sal\u00e1rio: 4000,0<\/p>\n","protected":false},"excerpt":{"rendered":"<p>Estimado(a) Candidato(a), N\u00f3s da ACCERTH SERVICOS E TECNOLOGIA LTDA estamos \u00e0 procura de um Assistente Administrativo para se juntar \u00e0 nossa equipe, prestando servi\u00e7os em nosso cliente no centro do RJ. N\u00f3s acreditamos que sua experi\u00eancia e habilidades se encaixam perfeitamente no que procuramos. Requisitos: &#8211; Conhecimento dos sistemas\/ambientes SAP &#8211; Conhecimento avan\u00e7ado dos softwares [&hellip;]<\/p>\n","protected":false},"author":1,"featured_media":0,"comment_status":"open","ping_status":"open","sticky":false,"template":"","format":"standard","meta":{"footnotes":""},"categories":[21],"tags":[],"class_list":["post-6979","post","type-post","status-publish","format-standard","hentry","category-rio-de-janeiro-rj"],"_links":{"self":[{"href":"https:\/\/vagas.portalemprego.com.br\/index.php?rest_route=\/wp\/v2\/posts\/6979","targetHints":{"allow":["GET"]}}],"collection":[{"href":"https:\/\/vagas.portalemprego.com.br\/index.php?rest_route=\/wp\/v2\/posts"}],"about":[{"href":"https:\/\/vagas.portalemprego.com.br\/index.php?rest_route=\/wp\/v2\/types\/post"}],"author":[{"embeddable":true,"href":"https:\/\/vagas.portalemprego.com.br\/index.php?rest_route=\/wp\/v2\/users\/1"}],"replies":[{"embeddable":true,"href":"https:\/\/vagas.portalemprego.com.br\/index.php?rest_route=%2Fwp%2Fv2%2Fcomments&post=6979"}],"version-history":[{"count":0,"href":"https:\/\/vagas.portalemprego.com.br\/index.php?rest_route=\/wp\/v2\/posts\/6979\/revisions"}],"wp:attachment":[{"href":"https:\/\/vagas.portalemprego.com.br\/index.php?rest_route=%2Fwp%2Fv2%2Fmedia&parent=6979"}],"wp:term":[{"taxonomy":"category","embeddable":true,"href":"https:\/\/vagas.portalemprego.com.br\/index.php?rest_route=%2Fwp%2Fv2%2Fcategories&post=6979"},{"taxonomy":"post_tag","embeddable":true,"href":"https:\/\/vagas.portalemprego.com.br\/index.php?rest_route=%2Fwp%2Fv2%2Ftags&post=6979"}],"curies":[{"name":"wp","href":"https:\/\/api.w.org\/{rel}","templated":true}]}}